{"id":24772,"date":"2025-10-23T16:48:06","date_gmt":"2025-10-23T20:48:06","guid":{"rendered":"https:\/\/prensapresidencialvenezuela.gob.ve\/?p=24772"},"modified":"2025-10-23T16:48:23","modified_gmt":"2025-10-23T20:48:23","slug":"gobierno-bolivariano-destaca-la-resistencia-obrera-ante-el-asedio-imperialista-y-lidera-la-instalacion-de-la-constituyente-obrera","status":"publish","type":"post","link":"https:\/\/prensapresidencialvenezuela.gob.ve\/index.php\/2025\/10\/23\/gobierno-bolivariano-destaca-la-resistencia-obrera-ante-el-asedio-imperialista-y-lidera-la-instalacion-de-la-constituyente-obrera\/","title":{"rendered":"Gobierno Bolivariano destaca la resistencia obrera ante el asedio imperialista"},"content":{"rendered":"\n<p><strong>Parque Central, Caracas. &#8211;<\/strong> &nbsp;El presidente de la Rep\u00fablica Bolivariana de Venezuela, Nicol\u00e1s Maduro, lidera la Instalaci\u00f3n de la Comisi\u00f3n Promotora para la Constituyente Obrera Venezolana, un espacio desde el que hace un recuento de la resistencia patri\u00f3tica de la clase obrera, ante el asedio econ\u00f3mico imperialista. El Mandatario nacional resalta c\u00f3mo los trabajadores se convirtieron en la vanguardia de la recuperaci\u00f3n nacional.<\/p>\n\n\n\n<p><strong>Clase Obrera vence la ofensiva de sanciones<\/strong><\/p>\n\n\n\n<p>En el encuentro con los trabajadores, el Presidente reflexiona sobre la firmeza de la fuerza laboral frente a la agresi\u00f3n econ\u00f3mica:<\/p>\n\n\n\n<p>\u00abHay que ver cuando el imperialismo norteamericano crey\u00f3 que con unas sanciones, quit\u00e1ndonos el 99% de ingresos, la clase obrera venezolana se iba a confundir y se iba a rendir. Y lleg\u00f3 el 2017, 2018, 2019, 2021, y la clase obrera venezolana, nosotros los trabajadores, ni nos confundimos ni nos rendimos. Lo que hicimos fue trabajar, inventar, crear, echar para adelante\u00bb.<\/p>\n\n\n\n<p>El Jefe de Estado afirm\u00f3 que la inventiva y el esfuerzo de los obreros ha garantizado la victoria econ\u00f3mica y la soberan\u00eda del pa\u00eds, a pesar de las medidas coercitivas unilaterales.<\/p>\n\n\n\n<figure class=\"wp-block-gallery has-nested-images columns-default is-cropped wp-block-gallery-1 is-layout-flex wp-block-gallery-is-layout-flex\">\n<figure class=\"wp-block-image size-large\"><img fetchpriority=\"high\" decoding=\"async\" width=\"1024\" height=\"683\" data-id=\"24775\" src=\"https:\/\/prensapresidencialvenezuela.gob.ve\/wp-content\/uploads\/2025\/10\/JZ__1599-1024x683.jpg\" alt=\"\" class=\"wp-image-24775\" srcset=\"https:\/\/prensapresidencialvenezuela.gob.ve\/wp-content\/uploads\/2025\/10\/JZ__1599-1024x683.jpg 1024w, https:\/\/prensapresidencialvenezuela.gob.ve\/wp-content\/uploads\/2025\/10\/JZ__1599-300x200.jpg 300w, https:\/\/prensapresidencialvenezuela.gob.ve\/wp-content\/uploads\/2025\/10\/JZ__1599-768x512.jpg 768w, https:\/\/prensapresidencialvenezuela.gob.ve\/wp-content\/uploads\/2025\/10\/JZ__1599-1536x1024.jpg 1536w, https:\/\/prensapresidencialvenezuela.gob.ve\/wp-content\/uploads\/2025\/10\/JZ__1599-2048x1365.jpg 2048w\" sizes=\"(max-width: 1024px) 100vw, 1024px\" \/><\/figure>\n\n\n\n<figure class=\"wp-block-image size-large\"><img decoding=\"async\" width=\"1024\" height=\"682\" data-id=\"24774\" src=\"https:\/\/prensapresidencialvenezuela.gob.ve\/wp-content\/uploads\/2025\/10\/photo_5174850304061672242_y-1024x682.jpg\" alt=\"\" class=\"wp-image-24774\" srcset=\"https:\/\/prensapresidencialvenezuela.gob.ve\/wp-content\/uploads\/2025\/10\/photo_5174850304061672242_y-1024x682.jpg 1024w, https:\/\/prensapresidencialvenezuela.gob.ve\/wp-content\/uploads\/2025\/10\/photo_5174850304061672242_y-300x200.jpg 300w, https:\/\/prensapresidencialvenezuela.gob.ve\/wp-content\/uploads\/2025\/10\/photo_5174850304061672242_y-768x512.jpg 768w, https:\/\/prensapresidencialvenezuela.gob.ve\/wp-content\/uploads\/2025\/10\/photo_5174850304061672242_y.jpg 1280w\" sizes=\"(max-width: 1024px) 100vw, 1024px\" \/><\/figure>\n<\/figure>\n\n\n\n<p><strong>Los CPT: Milagro de la recuperaci\u00f3n<\/strong><\/p>\n\n\n\n<p>El presidente Maduro subraya que la victoria actual se sustenta en la capacidad de innovaci\u00f3n de los trabajadores y pone en valor los instrumentos de organizaci\u00f3n popular, creados durante los a\u00f1os de la ofensiva.<\/p>\n\n\n\n<p>\u00abHoy estamos victoriosos, m\u00e1s poderosos y fuertes que nunca en la base, en las calles, en la f\u00e1brica; el verdadero poder construy\u00e9ndose, siempre innovando, siempre creando. En el a\u00f1o 2017 creamos un instrumento maravilloso que ahora se ha venido mejorando, renovando, porque en algunos casos se burocratiz\u00f3; pero el CPT en el a\u00f1o 2016, los Consejos Productivos de Trabajadores y Trabajadoras, fue parte del milagro de la recuperaci\u00f3n econ\u00f3mica de Venezuela\u00bb.<\/p>\n\n\n\n<p>La instalaci\u00f3n de la Comisi\u00f3n Promotora busca precisamente renovar y profundizar estas herramientas de lucha y producci\u00f3n, alineando a la clase obrera con el Plan de la Patria de las 7 Grandes Transformaciones, para la edificaci\u00f3n del socialismo venezolano.<\/p>\n\n\n\n<p><strong>Prensa Presidencial\/ Luis Tavera<\/strong><\/p>\n\n\n\n<p><\/p>\n\n\n\n<p><\/p>\n","protected":false},"excerpt":{"rendered":"<p>Parque Central, Caracas. &#8211; &nbsp;El presidente de la Rep\u00fablica Bolivariana de Venezuela, Nicol\u00e1s Maduro, lidera la Instalaci\u00f3n de la Comisi\u00f3n Promotora para la Constituyente Obrera Venezolana, un espacio desde el que hace un recuento de la resistencia patri\u00f3tica de la clase obrera, ante el asedio econ\u00f3mico imperialista. El Mandatario nacional resalta c\u00f3mo los trabajadores se [&hellip;]<\/p>\n","protected":false},"author":1,"featured_media":24773,"comment_status":"open","ping_status":"open","sticky":false,"template":"","format":"standard","meta":{"footnotes":""},"categories":[18,7],"tags":[],"class_list":["post-24772","post","type-post","status-publish","format-standard","has-post-thumbnail","hentry","category-noticias-principales","category-notas-de-prensa"],"_links":{"self":[{"href":"https:\/\/prensapresidencialvenezuela.gob.ve\/index.php\/wp-json\/wp\/v2\/posts\/24772","targetHints":{"allow":["GET"]}}],"collection":[{"href":"https:\/\/prensapresidencialvenezuela.gob.ve\/index.php\/wp-json\/wp\/v2\/posts"}],"about":[{"href":"https:\/\/prensapresidencialvenezuela.gob.ve\/index.php\/wp-json\/wp\/v2\/types\/post"}],"author":[{"embeddable":true,"href":"https:\/\/prensapresidencialvenezuela.gob.ve\/index.php\/wp-json\/wp\/v2\/users\/1"}],"replies":[{"embeddable":true,"href":"https:\/\/prensapresidencialvenezuela.gob.ve\/index.php\/wp-json\/wp\/v2\/comments?post=24772"}],"version-history":[{"count":2,"href":"https:\/\/prensapresidencialvenezuela.gob.ve\/index.php\/wp-json\/wp\/v2\/posts\/24772\/revisions"}],"predecessor-version":[{"id":24777,"href":"https:\/\/prensapresidencialvenezuela.gob.ve\/index.php\/wp-json\/wp\/v2\/posts\/24772\/revisions\/24777"}],"wp:featuredmedia":[{"embeddable":true,"href":"https:\/\/prensapresidencialvenezuela.gob.ve\/index.php\/wp-json\/wp\/v2\/media\/24773"}],"wp:attachment":[{"href":"https:\/\/prensapresidencialvenezuela.gob.ve\/index.php\/wp-json\/wp\/v2\/media?parent=24772"}],"wp:term":[{"taxonomy":"category","embeddable":true,"href":"https:\/\/prensapresidencialvenezuela.gob.ve\/index.php\/wp-json\/wp\/v2\/categories?post=24772"},{"taxonomy":"post_tag","embeddable":true,"href":"https:\/\/prensapresidencialvenezuela.gob.ve\/index.php\/wp-json\/wp\/v2\/tags?post=24772"}],"curies":[{"name":"wp","href":"https:\/\/api.w.org\/{rel}","templated":true}]}}