{"id":24781,"date":"2025-10-23T17:05:21","date_gmt":"2025-10-23T21:05:21","guid":{"rendered":"https:\/\/prensapresidencialvenezuela.gob.ve\/?p=24781"},"modified":"2025-10-23T17:14:36","modified_gmt":"2025-10-23T21:14:36","slug":"clase-obrera-trabajadora-es-el-mayor-escudo-de-defensa-que-tiene-venezuela","status":"publish","type":"post","link":"https:\/\/prensapresidencialvenezuela.gob.ve\/index.php\/2025\/10\/23\/clase-obrera-trabajadora-es-el-mayor-escudo-de-defensa-que-tiene-venezuela\/","title":{"rendered":"Clase Obrera Trabajadora es el mayor escudo de defensa que tiene Venezuela"},"content":{"rendered":"\n<p><strong>Parque Central, Caracas.-<\/strong> Ante las constantes asechanzas del Imperio norteamericano y de generarse una acci\u00f3n que violente la soberan\u00eda de Venezuela, el presidente de la Rep\u00fablica de Venezuela, Nicol\u00e1s Maduro Moros, instruy\u00f3 a la clase obrera del pa\u00eds a declararse en huelga general insurreccional y revolucionaria, en las calles hasta que se retome el poder.<\/p>\n\n\n\n<p>\u00abNo hay que alzar la voz para decirlo. Si alg\u00fan d\u00eda se atrevieran por aqu\u00ed o por all\u00e1 aqu\u00ed est\u00e1 el mayor escudo que tiene el pa\u00eds. La clase obrera no se mover\u00eda un alfiler y se declarar\u00eda una huelga general, insurrecional, revolucionaria de la clase obrera campesina en las calles hasta que se retomara el poder para hacer una revoluci\u00f3n a\u00fan m\u00e1s radical. Si se atrevieran hermanos y hermanas tomen esto como una orden. La orden est\u00e1 dada\u00bb, fueron las palabras del Jefe de Estado ante los consejos productivos de trabajadores, los delegados de sindicatos, de movimientos de trabajadoras y trabajadores patriotas y bolivarianos que fueron convocados a la asamblea que generar\u00e1 un proceso consultivo en los pr\u00f3ximos meses.<\/p>\n\n\n\n<p>Prosigui\u00f3 su instrucci\u00f3n indicando que fuerzas extranjeras que se atrevan a realizar cualquier acci\u00f3n en Venezuela, ver\u00e1n el desfile de millones de hombres y mujeres con fusiles en los cuerpos combatientes de la clase obrera, los campesinos, los pescadores y los barrios de todo el pa\u00eds. \u00abNo lo digo por decirlo, lo digo porque lo hemos ensayado y lo hemos tenido preparado\u00bb, precis\u00f3 con orgullo de la verdadera fusi\u00f3n c\u00edvico-militar-policial alcanzada.<\/p>\n\n\n\n<p>\u00abUna llamada bast\u00f3 para que no se moviera un alfiler en el pa\u00eds y para que se activaran los cuerpos combatientes armados de la clase obrera las Milicias Bolivarianas y toda la Fuerza Armada Nacional Bolivariana en defensa de la democracia, la constituci\u00f3n y la paz. Y triunfamos sin disparar un solo tiro\u00bb, destac\u00f3 como parte de las maniobras realizadas en defensa de la soberan\u00eda y la paz de Venezuela.<\/p>\n\n\n\n<p><strong>Prensa Presidencial\/ Claudia Guerra M\u00e9ndez<\/strong><\/p>\n","protected":false},"excerpt":{"rendered":"<p>Parque Central, Caracas.- Ante las constantes asechanzas del Imperio norteamericano y de generarse una acci\u00f3n que violente la soberan\u00eda de Venezuela, el presidente de la Rep\u00fablica de Venezuela, Nicol\u00e1s Maduro Moros, instruy\u00f3 a la clase obrera del pa\u00eds a declararse en huelga general insurreccional y revolucionaria, en las calles hasta que se retome el poder. [&hellip;]<\/p>\n","protected":false},"author":1,"featured_media":24782,"comment_status":"open","ping_status":"open","sticky":false,"template":"","format":"standard","meta":{"footnotes":""},"categories":[18,7],"tags":[],"class_list":["post-24781","post","type-post","status-publish","format-standard","has-post-thumbnail","hentry","category-noticias-principales","category-notas-de-prensa"],"_links":{"self":[{"href":"https:\/\/prensapresidencialvenezuela.gob.ve\/index.php\/wp-json\/wp\/v2\/posts\/24781","targetHints":{"allow":["GET"]}}],"collection":[{"href":"https:\/\/prensapresidencialvenezuela.gob.ve\/index.php\/wp-json\/wp\/v2\/posts"}],"about":[{"href":"https:\/\/prensapresidencialvenezuela.gob.ve\/index.php\/wp-json\/wp\/v2\/types\/post"}],"author":[{"embeddable":true,"href":"https:\/\/prensapresidencialvenezuela.gob.ve\/index.php\/wp-json\/wp\/v2\/users\/1"}],"replies":[{"embeddable":true,"href":"https:\/\/prensapresidencialvenezuela.gob.ve\/index.php\/wp-json\/wp\/v2\/comments?post=24781"}],"version-history":[{"count":3,"href":"https:\/\/prensapresidencialvenezuela.gob.ve\/index.php\/wp-json\/wp\/v2\/posts\/24781\/revisions"}],"predecessor-version":[{"id":24787,"href":"https:\/\/prensapresidencialvenezuela.gob.ve\/index.php\/wp-json\/wp\/v2\/posts\/24781\/revisions\/24787"}],"wp:featuredmedia":[{"embeddable":true,"href":"https:\/\/prensapresidencialvenezuela.gob.ve\/index.php\/wp-json\/wp\/v2\/media\/24782"}],"wp:attachment":[{"href":"https:\/\/prensapresidencialvenezuela.gob.ve\/index.php\/wp-json\/wp\/v2\/media?parent=24781"}],"wp:term":[{"taxonomy":"category","embeddable":true,"href":"https:\/\/prensapresidencialvenezuela.gob.ve\/index.php\/wp-json\/wp\/v2\/categories?post=24781"},{"taxonomy":"post_tag","embeddable":true,"href":"https:\/\/prensapresidencialvenezuela.gob.ve\/index.php\/wp-json\/wp\/v2\/tags?post=24781"}],"curies":[{"name":"wp","href":"https:\/\/api.w.org\/{rel}","templated":true}]}}