{"id":24791,"date":"2025-10-24T16:46:37","date_gmt":"2025-10-24T20:46:37","guid":{"rendered":"https:\/\/prensapresidencialvenezuela.gob.ve\/?p=24791"},"modified":"2025-10-24T17:25:11","modified_gmt":"2025-10-24T21:25:11","slug":"presidente-maduro-visita-la-comuna-agroecologica-turistica-el-gran-topo-para-impulsar-la-produccion-de-alimentos","status":"publish","type":"post","link":"https:\/\/prensapresidencialvenezuela.gob.ve\/index.php\/2025\/10\/24\/presidente-maduro-visita-la-comuna-agroecologica-turistica-el-gran-topo-para-impulsar-la-produccion-de-alimentos\/","title":{"rendered":"Presidente Maduro visita la Comuna Agroecol\u00f3gica Tur\u00edstica \u00abEl Gran Topo\u00bb, para impulsar la producci\u00f3n de alimentos"},"content":{"rendered":"\n<p><strong>Colina Bella, Caracas. \u2013<\/strong> El presidente de la Rep\u00fablica Bolivariana de Venezuela, Nicol\u00e1s Maduro Moros, asisti\u00f3 a la Comuna Agroecol\u00f3gica Tur\u00edstica \u00abEl Gran Topo\u00bb, ubicada en el sector Colina Bella, a la altura del Km 5 al 9, de la Autopista Caracas \u2013 La Guaira, para supervisar los avances en la producci\u00f3n de alimentos y el desarrollo del importante proyecto del parador tur\u00edstico comunal.<\/p>\n\n\n\n<p>La Comuna El Gran Topo, que agrupa a los consejos comunales La Pe\u00f1a de Zamora, Colina Bella, Taparitas, La Rampa, Cerro Negro, El Topo y El Pauj\u00ed del Topo, es un ejemplo de organizaci\u00f3n popular y soberan\u00eda alimentaria. Cuenta con la participaci\u00f3n de aproximadamente 180 comuneros, dedicados a la producci\u00f3n agroecol\u00f3gica de una amplia variedad de alimentos, incluyendo frutas, hortalizas, huevos, ma\u00edz blanco, piment\u00f3n, cilantro, aj\u00ed dulce, aguacate, zanahoria y prote\u00edna animal (cerdo y gallinas ponedoras), abasteciendo a la comunidad a trav\u00e9s de los Comit\u00e9s Locales de Abastecimiento y Producci\u00f3n (CLAP).<\/p>\n\n\n\n<p>El Mandatario nacional se encuentra acompa\u00f1ado por la alcaldesa de Caracas, Carmen Mel\u00e9ndez; el ministro de Agricultura Productiva y Tierras de Venezuela, Julio Le\u00f3n Heredia; el ministro de Comunas, Movimientos Sociales y Agricultura Urbana, \u00c1ngel Prado; y el ministro de Defensa, GJ Vladimir Padrino L\u00f3pez.<\/p>\n\n\n\n<p><strong>Parador Tur\u00edstico El Gran Topo<\/strong><\/p>\n\n\n\n<p>Uno de los principales focos de la visita presidencial es el proyecto del Parador Tur\u00edstico El Gran Topo, un lugar destinado a convertirse en un nuevo punto de inter\u00e9s en Caracas. El desarrollo de este mirador tur\u00edstico forma parte fundamental de los proyectos del Poder Popular, buscando potenciar el eje agroecol\u00f3gico y tur\u00edstico de la zona.<\/p>\n\n\n\n<p>El compromiso para la culminaci\u00f3n de esta obra se remonta a la primera Consulta Popular del 21 de abril de 2024, y fue refrendado personalmente por el presidente Nicol\u00e1s Maduro, el 10 de abril del 2025, en el sector El Lim\u00f3n, donde se comprometi\u00f3, junto a la Corporaci\u00f3n Juntos Todo es Posible, a materializar el proyecto. La Comuna ha avanzado de manera significativa en este esfuerzo, recibiendo el respaldo del Gobierno Nacional. De hecho, el Ministerio del Poder Popular para el Turismo valid\u00f3 la Ruta Agrotur\u00edstica Comunal El Topo, el pasado 22 de agosto de 2025, un reconocimiento a su potencial.<\/p>\n\n\n\n<p><strong>Atenci\u00f3n integral<\/strong><\/p>\n\n\n\n<p>Durante la visita, el Jefe de Estado constata los avances en proyectos priorizados por la comunidad en las subsiguientes Consultas Populares:<\/p>\n\n\n\n<p><strong>-La segunda Consulta (25 de agosto 2024) se enfoc\u00f3 en las obras de electricidad.<\/strong><\/p>\n\n\n\n<p><strong>-La tercera Consulta (02 de febrero 2025) prioriz\u00f3 la vialidad y la construcci\u00f3n de la Casa Comunal.<\/strong><\/p>\n\n\n\n<p>Adicionalmente, se atendieron las necesidades de la juventud, emanadas de la Consulta Popular de la Juventud, que incluyen:<\/p>\n\n\n\n<p><strong>&#8211; La instalaci\u00f3n de la red de Internet y una Casa Cultural para la formaci\u00f3n de j\u00f3venes.<\/strong><\/p>\n\n\n\n<p><strong>&#8211; El equipamiento tecnol\u00f3gico para cada comunidad que conforma la comuna.<\/strong><\/p>\n\n\n\n<p><strong>Prensa Presidencial\/ Iliana Rosales<\/strong><\/p>\n","protected":false},"excerpt":{"rendered":"<p>Colina Bella, Caracas. \u2013 El presidente de la Rep\u00fablica Bolivariana de Venezuela, Nicol\u00e1s Maduro Moros, asisti\u00f3 a la Comuna Agroecol\u00f3gica Tur\u00edstica \u00abEl Gran Topo\u00bb, ubicada en el sector Colina Bella, a la altura del Km 5 al 9, de la Autopista Caracas \u2013 La Guaira, para supervisar los avances en la producci\u00f3n de alimentos y [&hellip;]<\/p>\n","protected":false},"author":1,"featured_media":24792,"comment_status":"open","ping_status":"open","sticky":false,"template":"","format":"standard","meta":{"footnotes":""},"categories":[18,7,1],"tags":[],"class_list":["post-24791","post","type-post","status-publish","format-standard","has-post-thumbnail","hentry","category-noticias-principales","category-notas-de-prensa","category-sin-categoria"],"_links":{"self":[{"href":"https:\/\/prensapresidencialvenezuela.gob.ve\/index.php\/wp-json\/wp\/v2\/posts\/24791","targetHints":{"allow":["GET"]}}],"collection":[{"href":"https:\/\/prensapresidencialvenezuela.gob.ve\/index.php\/wp-json\/wp\/v2\/posts"}],"about":[{"href":"https:\/\/prensapresidencialvenezuela.gob.ve\/index.php\/wp-json\/wp\/v2\/types\/post"}],"author":[{"embeddable":true,"href":"https:\/\/prensapresidencialvenezuela.gob.ve\/index.php\/wp-json\/wp\/v2\/users\/1"}],"replies":[{"embeddable":true,"href":"https:\/\/prensapresidencialvenezuela.gob.ve\/index.php\/wp-json\/wp\/v2\/comments?post=24791"}],"version-history":[{"count":2,"href":"https:\/\/prensapresidencialvenezuela.gob.ve\/index.php\/wp-json\/wp\/v2\/posts\/24791\/revisions"}],"predecessor-version":[{"id":24803,"href":"https:\/\/prensapresidencialvenezuela.gob.ve\/index.php\/wp-json\/wp\/v2\/posts\/24791\/revisions\/24803"}],"wp:featuredmedia":[{"embeddable":true,"href":"https:\/\/prensapresidencialvenezuela.gob.ve\/index.php\/wp-json\/wp\/v2\/media\/24792"}],"wp:attachment":[{"href":"https:\/\/prensapresidencialvenezuela.gob.ve\/index.php\/wp-json\/wp\/v2\/media?parent=24791"}],"wp:term":[{"taxonomy":"category","embeddable":true,"href":"https:\/\/prensapresidencialvenezuela.gob.ve\/index.php\/wp-json\/wp\/v2\/categories?post=24791"},{"taxonomy":"post_tag","embeddable":true,"href":"https:\/\/prensapresidencialvenezuela.gob.ve\/index.php\/wp-json\/wp\/v2\/tags?post=24791"}],"curies":[{"name":"wp","href":"https:\/\/api.w.org\/{rel}","templated":true}]}}