{"id":24797,"date":"2025-10-24T17:21:47","date_gmt":"2025-10-24T21:21:47","guid":{"rendered":"https:\/\/prensapresidencialvenezuela.gob.ve\/?p=24797"},"modified":"2025-10-24T17:22:15","modified_gmt":"2025-10-24T21:22:15","slug":"plataforma-antiimperialista-mundial-conformara-brigadas-internacionalistas-simon-bolivar-en-defensa-de-venezuela","status":"publish","type":"post","link":"https:\/\/prensapresidencialvenezuela.gob.ve\/index.php\/2025\/10\/24\/plataforma-antiimperialista-mundial-conformara-brigadas-internacionalistas-simon-bolivar-en-defensa-de-venezuela\/","title":{"rendered":"Plataforma Antiimperialista Mundial conformar\u00e1 Brigadas Internacionalistas Sim\u00f3n Bol\u00edvar en defensa de Venezuela"},"content":{"rendered":"\n<p><strong>Colina Bella, Caracas.-<\/strong> El presidente de la Rep\u00fablica Bolivariana de Venezuela, Nicol\u00e1s Maduro, anunci\u00f3 este viernes la pronta conformaci\u00f3n de las Brigadas Internacionalistas Sim\u00f3n Bol\u00edvar, integradas por hombres y mujeres del mundo, con el objetivo de combatir junto a Venezuela por la independencia, la soberan\u00eda y la paz.<\/p>\n\n\n\n<p>El anuncio lo realiz\u00f3 durante una visita a la Comuna Agroecol\u00f3gica Tur\u00edstica El Gran Topo, en Colina Bella, Caracas, en el marco del acto de la clausura del encuentro de la Plataforma Antiimperialista Mundial, al que acudieron invitados internacionales y que fue coordinado por la presidenta del Instituto Sim\u00f3n Bol\u00edvar para la Paz y la Solidaridad entre los Pueblos, Blanca Eekhout.<\/p>\n\n\n\n<p>\u00abEl mejor espacio para saludarnos, abrazarnos, escucharlos y recibir el impacto de la solidaridad mundial, que corre por \u00c1frica, Asia, Am\u00e9rica Latina, Estados Unidos, Europa, con la Revoluci\u00f3n Bolivariana, tiene que ser con las comunas, con el pueblo de base\u00bb, expres\u00f3 el Mandatario nacional, quien detall\u00f3 que los delegados estuvieron a lo largo de tres d\u00edas en el pa\u00eds debatiendo importantes temas de inter\u00e9s com\u00fan.<\/p>\n\n\n\n<figure class=\"wp-block-image size-large\"><img fetchpriority=\"high\" decoding=\"async\" width=\"1024\" height=\"683\" src=\"https:\/\/prensapresidencialvenezuela.gob.ve\/wp-content\/uploads\/2025\/10\/20_JZ_L2227_P-1024x683.jpg\" alt=\"\" class=\"wp-image-24799\" srcset=\"https:\/\/prensapresidencialvenezuela.gob.ve\/wp-content\/uploads\/2025\/10\/20_JZ_L2227_P-1024x683.jpg 1024w, https:\/\/prensapresidencialvenezuela.gob.ve\/wp-content\/uploads\/2025\/10\/20_JZ_L2227_P-300x200.jpg 300w, https:\/\/prensapresidencialvenezuela.gob.ve\/wp-content\/uploads\/2025\/10\/20_JZ_L2227_P-768x512.jpg 768w, https:\/\/prensapresidencialvenezuela.gob.ve\/wp-content\/uploads\/2025\/10\/20_JZ_L2227_P-1536x1024.jpg 1536w, https:\/\/prensapresidencialvenezuela.gob.ve\/wp-content\/uploads\/2025\/10\/20_JZ_L2227_P-2048x1366.jpg 2048w\" sizes=\"(max-width: 1024px) 100vw, 1024px\" \/><\/figure>\n\n\n\n<p><strong>Solidaridad Mundial<\/strong><\/p>\n\n\n\n<p>Eekhout inform\u00f3 que el encuentro cont\u00f3 con la participaci\u00f3n de 51 compa\u00f1eros de 25 partidos comunistas del mundo y organizaciones de izquierda, destacando que esta organizaci\u00f3n de car\u00e1cter internacional est\u00e1 conformada por 60 partidos comunistas de todos los continentes.<\/p>\n\n\n\n<p>Asimismo, resalt\u00f3 que los delegados internacionales escogieron la comuna como escenario para la clausura, asumi\u00e9ndola como \u00abuna esperanza para la humanidad\u00bb y el epicentro de la construcci\u00f3n de una nueva sociedad. Destac\u00f3 que, a lo largo de la instalaci\u00f3n de la Plataforma Antiimperialista, se realizaron conferencias como la primera reuni\u00f3n de la Plataforma Mundial &#8211; Cap\u00edtulo Mujeres y el debate sobre la Comuna y el Antiimperialismo\/Antifascismo.<\/p>\n\n\n\n<p>Por otro lado, enfatiz\u00f3 la conclusi\u00f3n fundamental del encuentro: \u00abNo es solamente salir a romper el cerco medi\u00e1tico y decir la verdad, sino constituirse en brigadas de defensa armada de la Revoluci\u00f3n Bolivariana\u00bb. Agreg\u00f3 que los participantes expresaron \u00abtoda la disposici\u00f3n de sumarse, de alistarse y de acompa\u00f1ar a Venezuela en la defensa de la Revoluci\u00f3n y en la defensa de la comuna como esperanza para la humanidad\u00bb.<\/p>\n\n\n\n<figure class=\"wp-block-image size-large\"><img decoding=\"async\" width=\"1024\" height=\"683\" src=\"https:\/\/prensapresidencialvenezuela.gob.ve\/wp-content\/uploads\/2025\/10\/18_JZ_L2187_P-1024x683.jpg\" alt=\"\" class=\"wp-image-24800\" srcset=\"https:\/\/prensapresidencialvenezuela.gob.ve\/wp-content\/uploads\/2025\/10\/18_JZ_L2187_P-1024x683.jpg 1024w, https:\/\/prensapresidencialvenezuela.gob.ve\/wp-content\/uploads\/2025\/10\/18_JZ_L2187_P-300x200.jpg 300w, https:\/\/prensapresidencialvenezuela.gob.ve\/wp-content\/uploads\/2025\/10\/18_JZ_L2187_P-768x512.jpg 768w, https:\/\/prensapresidencialvenezuela.gob.ve\/wp-content\/uploads\/2025\/10\/18_JZ_L2187_P-1536x1024.jpg 1536w, https:\/\/prensapresidencialvenezuela.gob.ve\/wp-content\/uploads\/2025\/10\/18_JZ_L2187_P-2048x1366.jpg 2048w\" sizes=\"(max-width: 1024px) 100vw, 1024px\" \/><\/figure>\n\n\n\n<p><strong>Brigadas Internacionalistas Sim\u00f3n Bol\u00edvar<\/strong><\/p>\n\n\n\n<p>El presidente Maduro ratific\u00f3 el compromiso internacionalista y la convocatoria a la defensa del pa\u00eds. \u00abNos han llegado propuestas de toda Am\u00e9rica Latina y el Caribe, de \u00c1frica, de Asia y de muchos otros lugares&#8230;, mucha gente, l\u00edderes sociales, juveniles, l\u00edderes de mujeres, l\u00edderes sindicales, diciendo que ellos y ellas tambi\u00e9n se alistan y llamando a la conformaci\u00f3n de las brigadas internacionalistas Sim\u00f3n Bol\u00edvar de hombres y mujeres del mundo, para venir a combatir junto a Venezuela por la independencia, la soberan\u00eda y la paz\u00bb, sostuvo.<\/p>\n\n\n\n<p>Finalmente, el Jefe de Estado aprovech\u00f3 la oportunidad para reforzar la convocatoria a las elecciones nacionales generales para la consulta de proyectos vecinales, a realizarse el pr\u00f3ximo 23 de noviembre.<\/p>\n\n\n\n<p><strong>Prensa Presidencial \/ Iliana Rosales<\/strong><\/p>\n","protected":false},"excerpt":{"rendered":"<p>Colina Bella, Caracas.- El presidente de la Rep\u00fablica Bolivariana de Venezuela, Nicol\u00e1s Maduro, anunci\u00f3 este viernes la pronta conformaci\u00f3n de las Brigadas Internacionalistas Sim\u00f3n Bol\u00edvar, integradas por hombres y mujeres del mundo, con el objetivo de combatir junto a Venezuela por la independencia, la soberan\u00eda y la paz. El anuncio lo realiz\u00f3 durante una visita [&hellip;]<\/p>\n","protected":false},"author":1,"featured_media":24802,"comment_status":"open","ping_status":"open","sticky":false,"template":"","format":"standard","meta":{"footnotes":""},"categories":[18,7],"tags":[],"class_list":["post-24797","post","type-post","status-publish","format-standard","has-post-thumbnail","hentry","category-noticias-principales","category-notas-de-prensa"],"_links":{"self":[{"href":"https:\/\/prensapresidencialvenezuela.gob.ve\/index.php\/wp-json\/wp\/v2\/posts\/24797","targetHints":{"allow":["GET"]}}],"collection":[{"href":"https:\/\/prensapresidencialvenezuela.gob.ve\/index.php\/wp-json\/wp\/v2\/posts"}],"about":[{"href":"https:\/\/prensapresidencialvenezuela.gob.ve\/index.php\/wp-json\/wp\/v2\/types\/post"}],"author":[{"embeddable":true,"href":"https:\/\/prensapresidencialvenezuela.gob.ve\/index.php\/wp-json\/wp\/v2\/users\/1"}],"replies":[{"embeddable":true,"href":"https:\/\/prensapresidencialvenezuela.gob.ve\/index.php\/wp-json\/wp\/v2\/comments?post=24797"}],"version-history":[{"count":1,"href":"https:\/\/prensapresidencialvenezuela.gob.ve\/index.php\/wp-json\/wp\/v2\/posts\/24797\/revisions"}],"predecessor-version":[{"id":24801,"href":"https:\/\/prensapresidencialvenezuela.gob.ve\/index.php\/wp-json\/wp\/v2\/posts\/24797\/revisions\/24801"}],"wp:featuredmedia":[{"embeddable":true,"href":"https:\/\/prensapresidencialvenezuela.gob.ve\/index.php\/wp-json\/wp\/v2\/media\/24802"}],"wp:attachment":[{"href":"https:\/\/prensapresidencialvenezuela.gob.ve\/index.php\/wp-json\/wp\/v2\/media?parent=24797"}],"wp:term":[{"taxonomy":"category","embeddable":true,"href":"https:\/\/prensapresidencialvenezuela.gob.ve\/index.php\/wp-json\/wp\/v2\/categories?post=24797"},{"taxonomy":"post_tag","embeddable":true,"href":"https:\/\/prensapresidencialvenezuela.gob.ve\/index.php\/wp-json\/wp\/v2\/tags?post=24797"}],"curies":[{"name":"wp","href":"https:\/\/api.w.org\/{rel}","templated":true}]}}