{"id":2480,"date":"2022-06-16T17:31:00","date_gmt":"2022-06-16T17:31:00","guid":{"rendered":"http:\/\/172.27.0.121\/?p=2480"},"modified":"2022-07-13T17:32:47","modified_gmt":"2022-07-13T17:32:47","slug":"venezuela-consolida-areas-estrategicas-hacia-una-nueva-geopolitica-mundial","status":"publish","type":"post","link":"https:\/\/prensapresidencialvenezuela.gob.ve\/index.php\/2022\/06\/16\/venezuela-consolida-areas-estrategicas-hacia-una-nueva-geopolitica-mundial\/","title":{"rendered":"Venezuela consolida \u00e1reas estrat\u00e9gicas hacia una nueva geopol\u00edtica mundial"},"content":{"rendered":"\n<p><strong>Bak\u00fa, Azerbaiy\u00e1n.-<\/strong> Al calificar como \u201cbrillante, exitosa y victoriosa\u201d su gira por Eurasia y parte de \u00c1frica, el presidente de la Rep\u00fablica Bolivariana de Venezuela, Nicol\u00e1s Maduro, afirm\u00f3 que los pueblos del mundo se enrumban hacia una nueva geopol\u00edtica mundial que profundizar\u00e1 \u00e1reas estrat\u00e9gicas para las econom\u00edas de los pa\u00edses.<\/p>\n\n\n\n<p>\u201cHemos ido cultivando con el pasar de los a\u00f1os las relaciones a todo nivel (\u2026) Ha llegado el momento de dar un salto que se adapte a una nueva \u00e9poca de cooperaci\u00f3n m\u00e1s estrecha en todos los temas\u201d, asever\u00f3 este jueves el Jefe de Estado venezolano a su llegada a la Rep\u00fablica de Azerbaiy\u00e1n.<\/p>\n\n\n\n<p>Destac\u00f3 que la jornada de trabajo con los diferentes Gobiernos ha permitido revisar el plan de inversiones de empresarios en sectores como petr\u00f3leo, gas, petroqu\u00edmica, turismo, producci\u00f3n de alimentos y elevaci\u00f3n del comercio para llevar inversiones, tecnolog\u00eda y crear mercados a los empresarios venezolanos, \u201cpara para llevar inversiones, tecnolog\u00eda y crear mercados a los empresarios venezolanos\u201d.<\/p>\n\n\n\n<p>Al respecto, el Dignatario inform\u00f3 que en los pr\u00f3ximos d\u00edas se realizar\u00e1n \u201cun conjunto de jornadas, bien interesantes, donde yo convoco a todas las empresas privadas y p\u00fablicas, a todo el que produzca en Venezuela a este gran mercado, que tiene un gran poder econ\u00f3mico que se va abriendo en el pa\u00eds\u201d.<\/p>\n\n\n\n<p>Exhort\u00f3 a los empresarios venezolanos a consolidar el modelo diversificado no dependiente del petr\u00f3leo. \u201cVamos a seguir desarrollando el petr\u00f3leo y el gas porque Venezuela es una potencia energ\u00e9tica, pero nos tenemos que plantear no ser dependientes del petr\u00f3leo y generar la econom\u00eda diversificada\u201d.<\/p>\n\n\n\n<p>Puntualiz\u00f3 sobre la necesidad de crear opciones de exportaci\u00f3n vinculadas a la seguridad y soberan\u00eda alimentaria del mundo \u201cante la crisis que est\u00e1 impactando hoy por hoy, con escasez e inflaci\u00f3n de todos los productos fundamentales como el arroz y trigo de la dieta mundial\u201d.<\/p>\n\n\n\n<p><strong>Prensa Presidencial\/Joelin Jim\u00e9nez<\/strong><\/p>\n","protected":false},"excerpt":{"rendered":"<p>Bak\u00fa, Azerbaiy\u00e1n.- Al calificar como \u201cbrillante, exitosa y victoriosa\u201d su gira por Eurasia y parte de \u00c1frica, el presidente de la Rep\u00fablica Bolivariana de Venezuela, Nicol\u00e1s Maduro, afirm\u00f3 que los pueblos del mundo se enrumban hacia una nueva geopol\u00edtica mundial que profundizar\u00e1 \u00e1reas estrat\u00e9gicas para las econom\u00edas de los pa\u00edses. \u201cHemos ido cultivando con el [&hellip;]<\/p>\n","protected":false},"author":6,"featured_media":2481,"comment_status":"open","ping_status":"open","sticky":false,"template":"","format":"standard","meta":{"footnotes":""},"categories":[7],"tags":[],"class_list":["post-2480","post","type-post","status-publish","format-standard","has-post-thumbnail","hentry","category-notas-de-prensa"],"_links":{"self":[{"href":"https:\/\/prensapresidencialvenezuela.gob.ve\/index.php\/wp-json\/wp\/v2\/posts\/2480","targetHints":{"allow":["GET"]}}],"collection":[{"href":"https:\/\/prensapresidencialvenezuela.gob.ve\/index.php\/wp-json\/wp\/v2\/posts"}],"about":[{"href":"https:\/\/prensapresidencialvenezuela.gob.ve\/index.php\/wp-json\/wp\/v2\/types\/post"}],"author":[{"embeddable":true,"href":"https:\/\/prensapresidencialvenezuela.gob.ve\/index.php\/wp-json\/wp\/v2\/users\/6"}],"replies":[{"embeddable":true,"href":"https:\/\/prensapresidencialvenezuela.gob.ve\/index.php\/wp-json\/wp\/v2\/comments?post=2480"}],"version-history":[{"count":1,"href":"https:\/\/prensapresidencialvenezuela.gob.ve\/index.php\/wp-json\/wp\/v2\/posts\/2480\/revisions"}],"predecessor-version":[{"id":2484,"href":"https:\/\/prensapresidencialvenezuela.gob.ve\/index.php\/wp-json\/wp\/v2\/posts\/2480\/revisions\/2484"}],"wp:featuredmedia":[{"embeddable":true,"href":"https:\/\/prensapresidencialvenezuela.gob.ve\/index.php\/wp-json\/wp\/v2\/media\/2481"}],"wp:attachment":[{"href":"https:\/\/prensapresidencialvenezuela.gob.ve\/index.php\/wp-json\/wp\/v2\/media?parent=2480"}],"wp:term":[{"taxonomy":"category","embeddable":true,"href":"https:\/\/prensapresidencialvenezuela.gob.ve\/index.php\/wp-json\/wp\/v2\/categories?post=2480"},{"taxonomy":"post_tag","embeddable":true,"href":"https:\/\/prensapresidencialvenezuela.gob.ve\/index.php\/wp-json\/wp\/v2\/tags?post=2480"}],"curies":[{"name":"wp","href":"https:\/\/api.w.org\/{rel}","templated":true}]}}