{"id":24807,"date":"2025-10-24T17:39:46","date_gmt":"2025-10-24T21:39:46","guid":{"rendered":"https:\/\/prensapresidencialvenezuela.gob.ve\/?p=24807"},"modified":"2025-10-24T17:39:47","modified_gmt":"2025-10-24T21:39:47","slug":"presidente-activa-cosecha-cafetalera-comunal-2025-2026-con-creditos-y-recuperacion-de-vias-en-portuguesa","status":"publish","type":"post","link":"https:\/\/prensapresidencialvenezuela.gob.ve\/index.php\/2025\/10\/24\/presidente-activa-cosecha-cafetalera-comunal-2025-2026-con-creditos-y-recuperacion-de-vias-en-portuguesa\/","title":{"rendered":"Presidente activa cosecha Cafetalera Comunal 2025-2026 con cr\u00e9ditos y recuperaci\u00f3n de v\u00edas en Portuguesa"},"content":{"rendered":"\n<p><strong>Biscucuy, Portuguesa. &#8211;<\/strong> En un pase televisivo con la Comuna Productiva y Cafetalera \u00abSan Jos\u00e9 de Saguaz\u00bb, el presidente de la Rep\u00fablica Bolivariana de Venezuela, Nicol\u00e1s Maduro, constat\u00f3 el \u00e9xito del inicio de la cosecha del Plan Comunal del Caf\u00e9 2025-2026, reafirmando el protagonismo del Poder Popular en la econom\u00eda nacional.<\/p>\n\n\n\n<p>Desde Biscucuy, localidad reconocida por su tradici\u00f3n cafetalera, la alcaldesa del municipio Sucre, Mar\u00eda Murillo, destac\u00f3 el impacto directo de las pol\u00edticas gubernamentales en la cotidianidad del campo. La alcaldesa enfatiz\u00f3 el agradecimiento comunero: \u00abEn Biscucuy, donde se produce el mejor caf\u00e9 del mundo, y que, gracias a su pol\u00edtica, hoy en el inicio de cosecha pueden disfrutar de la recuperaci\u00f3n de tres puentes que se cayeron y que ustedes lo han rehabilitado, que son esenciales para el traslado de nuestra cosecha\u00bb.<\/p>\n\n\n\n<p><strong>Comuna modelo y productividad en ascenso<\/strong><\/p>\n\n\n\n<p>El Mandatario interactu\u00f3 con los voceros comunales, quienes detallaron el alcance y la eficiencia productiva de la comuna. Albis Ter\u00e1n, vocero comunal de la Comuna \u00abSan Jos\u00e9 de Saguaz\u00bb, precis\u00f3 que la estructura abarca once consejos comunales y atiende a 855 familias, manejando \u00ab2.500 hect\u00e1reas de caf\u00e9 en producci\u00f3n para un total de 12.500 quintales que produce esta gran comuna cafetalera\u00bb. Ter\u00e1n subray\u00f3 la alegr\u00eda por ver los planes desarrollados, consolidando un espacio fundamental para un rubro que mueve la econom\u00eda del pa\u00eds.<\/p>\n\n\n\n<p><strong>F\u00f3rmula Perfecta: Financiamiento directo y dignidad<\/strong><\/p>\n\n\n\n<p>Por su parte, Wilmer Jos\u00e9 Ter\u00e1n, otro vocero comunal, destac\u00f3 el car\u00e1cter hist\u00f3rico de esta zafra, que \u00abnace desde sus inicios desde el 2023\u00bb y ha contado con el apoyo sostenido del Gobierno Bolivariano.<\/p>\n\n\n\n<p>Ter\u00e1n resalt\u00f3 que el respaldo a los caficultores no se limita a la intenci\u00f3n, sino a hechos concretos de financiamiento soberano: \u00abUsted ha venido financiando con los cr\u00e9ditos para caficultores y eso ha servido para que el sector caficultor no se endeude. Ya el caficultor goza de estos beneficios que ha dado usted, Presidente\u00bb.<\/p>\n\n\n\n<p>El vocero cerr\u00f3 su intervenci\u00f3n aupando la estrategia econ\u00f3mica que dignifica al trabajador: \u00abUsted ha creado una f\u00f3rmula perfecta: PAE, producir, abastecer y exportar. \u00a1Comunas cafetaleras o nada!\u00bb, reafirmando el compromiso socialista de base para impulsar el desarrollo productivo de la Patria.<\/p>\n\n\n\n<p><strong>Prensa Presidencial\/ Luis Tavera<\/strong><\/p>\n","protected":false},"excerpt":{"rendered":"<p>Biscucuy, Portuguesa. &#8211; En un pase televisivo con la Comuna Productiva y Cafetalera \u00abSan Jos\u00e9 de Saguaz\u00bb, el presidente de la Rep\u00fablica Bolivariana de Venezuela, Nicol\u00e1s Maduro, constat\u00f3 el \u00e9xito del inicio de la cosecha del Plan Comunal del Caf\u00e9 2025-2026, reafirmando el protagonismo del Poder Popular en la econom\u00eda nacional. Desde Biscucuy, localidad reconocida [&hellip;]<\/p>\n","protected":false},"author":1,"featured_media":24808,"comment_status":"open","ping_status":"open","sticky":false,"template":"","format":"standard","meta":{"footnotes":""},"categories":[18,7],"tags":[],"class_list":["post-24807","post","type-post","status-publish","format-standard","has-post-thumbnail","hentry","category-noticias-principales","category-notas-de-prensa"],"_links":{"self":[{"href":"https:\/\/prensapresidencialvenezuela.gob.ve\/index.php\/wp-json\/wp\/v2\/posts\/24807","targetHints":{"allow":["GET"]}}],"collection":[{"href":"https:\/\/prensapresidencialvenezuela.gob.ve\/index.php\/wp-json\/wp\/v2\/posts"}],"about":[{"href":"https:\/\/prensapresidencialvenezuela.gob.ve\/index.php\/wp-json\/wp\/v2\/types\/post"}],"author":[{"embeddable":true,"href":"https:\/\/prensapresidencialvenezuela.gob.ve\/index.php\/wp-json\/wp\/v2\/users\/1"}],"replies":[{"embeddable":true,"href":"https:\/\/prensapresidencialvenezuela.gob.ve\/index.php\/wp-json\/wp\/v2\/comments?post=24807"}],"version-history":[{"count":1,"href":"https:\/\/prensapresidencialvenezuela.gob.ve\/index.php\/wp-json\/wp\/v2\/posts\/24807\/revisions"}],"predecessor-version":[{"id":24809,"href":"https:\/\/prensapresidencialvenezuela.gob.ve\/index.php\/wp-json\/wp\/v2\/posts\/24807\/revisions\/24809"}],"wp:featuredmedia":[{"embeddable":true,"href":"https:\/\/prensapresidencialvenezuela.gob.ve\/index.php\/wp-json\/wp\/v2\/media\/24808"}],"wp:attachment":[{"href":"https:\/\/prensapresidencialvenezuela.gob.ve\/index.php\/wp-json\/wp\/v2\/media?parent=24807"}],"wp:term":[{"taxonomy":"category","embeddable":true,"href":"https:\/\/prensapresidencialvenezuela.gob.ve\/index.php\/wp-json\/wp\/v2\/categories?post=24807"},{"taxonomy":"post_tag","embeddable":true,"href":"https:\/\/prensapresidencialvenezuela.gob.ve\/index.php\/wp-json\/wp\/v2\/tags?post=24807"}],"curies":[{"name":"wp","href":"https:\/\/api.w.org\/{rel}","templated":true}]}}