{"id":24813,"date":"2025-10-24T17:56:21","date_gmt":"2025-10-24T21:56:21","guid":{"rendered":"https:\/\/prensapresidencialvenezuela.gob.ve\/?p=24813"},"modified":"2025-10-24T17:56:21","modified_gmt":"2025-10-24T21:56:21","slug":"plan-integral-de-desarrollo-para-caracas-la-guaira-sera-presentado-el-proximo-31-oct","status":"publish","type":"post","link":"https:\/\/prensapresidencialvenezuela.gob.ve\/index.php\/2025\/10\/24\/plan-integral-de-desarrollo-para-caracas-la-guaira-sera-presentado-el-proximo-31-oct\/","title":{"rendered":"Plan Integral de Desarrollo para Caracas-La Guaira ser\u00e1 presentado el pr\u00f3ximo 31 Oct"},"content":{"rendered":"\n<p><strong>El Lim\u00f3n, Caracas.- <\/strong>Como impulso a todos los proyectos productivos, el presidente de la Rep\u00fablica Bolivariana de Venezuela, Nicol\u00e1s Maduro Moros, anunci\u00f3 que el pr\u00f3ximo viernes, 31 de octubre de 2025, dar\u00e1 a conocer el Plan Integral de Desarrollo de la Autopista y la carretera vieja Caracas-La Guaira, que deber\u00e1 ser emanado por las autoridades del Distrito Capital y las comunas del sector.<\/p>\n\n\n\n<p>La informaci\u00f3n fue dada a conocer durante la supervisi\u00f3n de los avances en la producci\u00f3n de alimentos y el desarrollo de un importante proyecto del Parador Tur\u00edstico de la Comuna Agroecol\u00f3gica Tur\u00edstica El Gran Topo, ubicada en el sector Colina Bella, a la altura del Km 5 al 9 de la Autopista Caracas \u2013 La Guaira.<\/p>\n\n\n\n<p>La orden para la presentaci\u00f3n del proyecto fue dada a la alcaldesa de Caracas, Almiranta Carmen Teresa Mel\u00e9ndez, y al jefe de Gobierno de Distrito Capital, Nahum Fern\u00e1ndez, quienes contar\u00e1n con 7 d\u00edas para dar a conocer la propuesta de la zona este y oeste de la autopista Caracas-La Guaira, que conecta todo el oeste de la Gran Caracas con el estado La Guaira.<\/p>\n\n\n\n<p>Bajo consulta democr\u00e1tica de los habitantes de la comunidad en la actividad, el Jefe de Estado realiz\u00f3 la consulta sobre la presentaci\u00f3n de este plan de acci\u00f3n en tan solo una semana, la cual fue aprobada de forma un\u00e1nime por los presentes.<\/p>\n\n\n\n<p><strong>Prensa Presidencial\/Claudia Guerra M\u00e9ndez<\/strong><\/p>\n","protected":false},"excerpt":{"rendered":"<p>El Lim\u00f3n, Caracas.- Como impulso a todos los proyectos productivos, el presidente de la Rep\u00fablica Bolivariana de Venezuela, Nicol\u00e1s Maduro Moros, anunci\u00f3 que el pr\u00f3ximo viernes, 31 de octubre de 2025, dar\u00e1 a conocer el Plan Integral de Desarrollo de la Autopista y la carretera vieja Caracas-La Guaira, que deber\u00e1 ser emanado por las autoridades [&hellip;]<\/p>\n","protected":false},"author":1,"featured_media":24814,"comment_status":"open","ping_status":"open","sticky":false,"template":"","format":"standard","meta":{"footnotes":""},"categories":[18,7],"tags":[],"class_list":["post-24813","post","type-post","status-publish","format-standard","has-post-thumbnail","hentry","category-noticias-principales","category-notas-de-prensa"],"_links":{"self":[{"href":"https:\/\/prensapresidencialvenezuela.gob.ve\/index.php\/wp-json\/wp\/v2\/posts\/24813","targetHints":{"allow":["GET"]}}],"collection":[{"href":"https:\/\/prensapresidencialvenezuela.gob.ve\/index.php\/wp-json\/wp\/v2\/posts"}],"about":[{"href":"https:\/\/prensapresidencialvenezuela.gob.ve\/index.php\/wp-json\/wp\/v2\/types\/post"}],"author":[{"embeddable":true,"href":"https:\/\/prensapresidencialvenezuela.gob.ve\/index.php\/wp-json\/wp\/v2\/users\/1"}],"replies":[{"embeddable":true,"href":"https:\/\/prensapresidencialvenezuela.gob.ve\/index.php\/wp-json\/wp\/v2\/comments?post=24813"}],"version-history":[{"count":1,"href":"https:\/\/prensapresidencialvenezuela.gob.ve\/index.php\/wp-json\/wp\/v2\/posts\/24813\/revisions"}],"predecessor-version":[{"id":24815,"href":"https:\/\/prensapresidencialvenezuela.gob.ve\/index.php\/wp-json\/wp\/v2\/posts\/24813\/revisions\/24815"}],"wp:featuredmedia":[{"embeddable":true,"href":"https:\/\/prensapresidencialvenezuela.gob.ve\/index.php\/wp-json\/wp\/v2\/media\/24814"}],"wp:attachment":[{"href":"https:\/\/prensapresidencialvenezuela.gob.ve\/index.php\/wp-json\/wp\/v2\/media?parent=24813"}],"wp:term":[{"taxonomy":"category","embeddable":true,"href":"https:\/\/prensapresidencialvenezuela.gob.ve\/index.php\/wp-json\/wp\/v2\/categories?post=24813"},{"taxonomy":"post_tag","embeddable":true,"href":"https:\/\/prensapresidencialvenezuela.gob.ve\/index.php\/wp-json\/wp\/v2\/tags?post=24813"}],"curies":[{"name":"wp","href":"https:\/\/api.w.org\/{rel}","templated":true}]}}