{"id":24816,"date":"2025-10-24T19:11:27","date_gmt":"2025-10-24T23:11:27","guid":{"rendered":"https:\/\/prensapresidencialvenezuela.gob.ve\/?p=24816"},"modified":"2025-10-25T12:50:42","modified_gmt":"2025-10-25T16:50:42","slug":"presidente-expresa-al-pueblo-colombiano-que-solo-unidos-se-conquistara-la-paz-en-el-mar-caribe","status":"publish","type":"post","link":"https:\/\/prensapresidencialvenezuela.gob.ve\/index.php\/2025\/10\/24\/presidente-expresa-al-pueblo-colombiano-que-solo-unidos-se-conquistara-la-paz-en-el-mar-caribe\/","title":{"rendered":"Presidente expresa al pueblo colombiano que solo unidos se conquistar\u00e1 la paz en el Mar Caribe"},"content":{"rendered":"\n<p><strong>Colina Bella, Caracas. \u2013<\/strong> El presidente de la Rep\u00fablica Bolivariana de Venezuela, Nicol\u00e1s Maduro Moros, denunci\u00f3 y rechaz\u00f3 categ\u00f3ricamente la escalada de provocaciones en el Mar Caribe, impulsadas bajo el falso pretexto de la \u00ablucha contra el narcotr\u00e1fico\u00bb. El Mandatario reafirm\u00f3, con convicci\u00f3n bolivariana, que Colombia y Venezuela son Patrias hermanas, unidas indisolublemente en la fortuna, en el riesgo, en la oportunidad y, para siempre, en Sim\u00f3n Bol\u00edvar.<\/p>\n\n\n\n<p>Frente a la amenaza externa, el l\u00edder venezolano ha hecho un llamado contundente al pueblo de Colombia: solo en la uni\u00f3n y la conciencia soberana se garantizar\u00e1 la paz. El legado de El Libertador es el cimiento que debe seguir uniendo a ambas naciones en la defensa de su destino com\u00fan. En un vibrante mensaje de unidad, el Presidente expres\u00f3: \u00ab\u00a1Que viva Colombia, que viva Venezuela y que viva Bol\u00edvar!\u00bb<\/p>\n\n\n\n<p>En un acto de firmeza nacionalista, el Jefe de Estado ha declarado con absoluta determinaci\u00f3n: \u00ab\u00a1Nadie nos arrebatar\u00e1 nuestro Mar Caribe! Nuestro Mar Caribe seguir\u00e1 siendo un territorio de paz, soberan\u00eda y tranquilidad\u00bb. Estas declaraciones responden a la flagrante agresi\u00f3n imperialista de las fuerzas navales estadounidenses, que han destruido ya seis embarcaciones, incluyendo una en aguas territoriales de la hermana Rep\u00fablica de Colombia. Es crucial destacar que estos ataques se ejecutan sin presentar prueba alguna que sostenga la infame acusaci\u00f3n de narcotr\u00e1fico, revelando una clara pol\u00edtica de hostigamiento contra los pueblos libres de la regi\u00f3n.<\/p>\n\n\n\n<p><strong>Venezuela: Territorio de Paz, producci\u00f3n socialista y Popular-Militar-Policial<\/strong><\/p>\n\n\n\n<p>En este contexto de defensa integral de la naci\u00f3n, el Mandatario venezolano enfatiz\u00f3 el profundo compromiso de la Patria con la paz y el desarrollo productivo end\u00f3geno. En una clara orientaci\u00f3n hacia la soberan\u00eda alimentaria y la ecolog\u00eda socialista, instruy\u00f3 al Ministerio del Poder Popular para la Agricultura Productiva y Tierras a sustituir inmediatamente los fertilizantes qu\u00edmicos por bio-insumos naturales, con el fin supremo de producir alimentos sanos que eleven la calidad de vida y el bienestar del cuerpo humano de la poblaci\u00f3n.<\/p>\n\n\n\n<p>As\u00ed mismo, orden\u00f3 al Ministro Julio Le\u00f3n Heredia garantizar el respaldo pleno y decidido a los productores y agricultores del pa\u00eds, con el objetivo estrat\u00e9gico de incrementar la producci\u00f3n de alimentos en toda Venezuela bajo un modelo de justicia social.<\/p>\n\n\n\n<p>El Presidente Maduro resalt\u00f3 que la producci\u00f3n en Venezuela es una realidad innegable que se impulsa con la fuerza espiritual y material del pueblo. Esta prosperidad se cimienta en la fusi\u00f3n poderosa y estrat\u00e9gica del Poder Popular organizado y la capacidad de resistencia de la Milicia Bolivariana, columna vertebral para mantener la \u00ablucha no armada\u00bb y garantizar la paz con soberan\u00eda frente a cualquier injerencia.<\/p>\n\n\n\n<p><strong>Prensa Presidencial\/ Irmary D\u00edaz-Luis Tavera <\/strong><\/p>\n\n\n\n<p><\/p>\n","protected":false},"excerpt":{"rendered":"<p>Colina Bella, Caracas. \u2013 El presidente de la Rep\u00fablica Bolivariana de Venezuela, Nicol\u00e1s Maduro Moros, denunci\u00f3 y rechaz\u00f3 categ\u00f3ricamente la escalada de provocaciones en el Mar Caribe, impulsadas bajo el falso pretexto de la \u00ablucha contra el narcotr\u00e1fico\u00bb. El Mandatario reafirm\u00f3, con convicci\u00f3n bolivariana, que Colombia y Venezuela son Patrias hermanas, unidas indisolublemente en la [&hellip;]<\/p>\n","protected":false},"author":1,"featured_media":24818,"comment_status":"open","ping_status":"open","sticky":false,"template":"","format":"standard","meta":{"footnotes":""},"categories":[18,7],"tags":[],"class_list":["post-24816","post","type-post","status-publish","format-standard","has-post-thumbnail","hentry","category-noticias-principales","category-notas-de-prensa"],"_links":{"self":[{"href":"https:\/\/prensapresidencialvenezuela.gob.ve\/index.php\/wp-json\/wp\/v2\/posts\/24816","targetHints":{"allow":["GET"]}}],"collection":[{"href":"https:\/\/prensapresidencialvenezuela.gob.ve\/index.php\/wp-json\/wp\/v2\/posts"}],"about":[{"href":"https:\/\/prensapresidencialvenezuela.gob.ve\/index.php\/wp-json\/wp\/v2\/types\/post"}],"author":[{"embeddable":true,"href":"https:\/\/prensapresidencialvenezuela.gob.ve\/index.php\/wp-json\/wp\/v2\/users\/1"}],"replies":[{"embeddable":true,"href":"https:\/\/prensapresidencialvenezuela.gob.ve\/index.php\/wp-json\/wp\/v2\/comments?post=24816"}],"version-history":[{"count":4,"href":"https:\/\/prensapresidencialvenezuela.gob.ve\/index.php\/wp-json\/wp\/v2\/posts\/24816\/revisions"}],"predecessor-version":[{"id":24834,"href":"https:\/\/prensapresidencialvenezuela.gob.ve\/index.php\/wp-json\/wp\/v2\/posts\/24816\/revisions\/24834"}],"wp:featuredmedia":[{"embeddable":true,"href":"https:\/\/prensapresidencialvenezuela.gob.ve\/index.php\/wp-json\/wp\/v2\/media\/24818"}],"wp:attachment":[{"href":"https:\/\/prensapresidencialvenezuela.gob.ve\/index.php\/wp-json\/wp\/v2\/media?parent=24816"}],"wp:term":[{"taxonomy":"category","embeddable":true,"href":"https:\/\/prensapresidencialvenezuela.gob.ve\/index.php\/wp-json\/wp\/v2\/categories?post=24816"},{"taxonomy":"post_tag","embeddable":true,"href":"https:\/\/prensapresidencialvenezuela.gob.ve\/index.php\/wp-json\/wp\/v2\/tags?post=24816"}],"curies":[{"name":"wp","href":"https:\/\/api.w.org\/{rel}","templated":true}]}}