{"id":24820,"date":"2025-10-24T19:13:39","date_gmt":"2025-10-24T23:13:39","guid":{"rendered":"https:\/\/prensapresidencialvenezuela.gob.ve\/?p=24820"},"modified":"2025-10-24T19:13:40","modified_gmt":"2025-10-24T23:13:40","slug":"produccion-comunal-de-cafe-en-lara-proyecta-alcanzar-41-mil-quintales-a-fin-de-ano-2","status":"publish","type":"post","link":"https:\/\/prensapresidencialvenezuela.gob.ve\/index.php\/2025\/10\/24\/produccion-comunal-de-cafe-en-lara-proyecta-alcanzar-41-mil-quintales-a-fin-de-ano-2\/","title":{"rendered":"Producci\u00f3n comunal de caf\u00e9 en Lara proyecta alcanzar 41 mil quintales a fin de a\u00f1o"},"content":{"rendered":"\n<p><strong>R\u00edo Claro, Lara.-<\/strong> El presidente de la Rep\u00fablica Bolivariana de Venezuela, Nicol\u00e1s Maduro, sostuvo este viernes un pase satelital con el estado Lara, para supervisar el Plan de Gesti\u00f3n de la Empresa de Producci\u00f3n Social (EPS) Lucha de Ch\u00e1vez por los Caficultores, en la localidad de R\u00edo Claro, parroquia Ju\u00e1rez, municipio Iribarren, destacando el avance de la zafra de caf\u00e9 y la meta de producci\u00f3n proyectada para beneficiar al consumidor venezolano.<\/p>\n\n\n\n<p>Durante el contacto, el gobernador del estado Lara, Luis Reyes Reyes, inform\u00f3 sobre el inicio de la zafra de caf\u00e9, la cual \u00abpromete ser muy productora\u00bb, gracias al apoyo recibido.<\/p>\n\n\n\n<p>En este sentido, anunci\u00f3 una importante proyecci\u00f3n productiva: \u00abSe proyecta alcanzar una producci\u00f3n total de 41 mil quintales de caf\u00e9 para el final del a\u00f1o, que ser\u00e1 destinado directamente al consumidor venezolano\u00bb.<\/p>\n\n\n\n<p>Las EPS son organizaciones comunitarias enfocadas en la producci\u00f3n de bienes y servicios, para satisfacer las necesidades de la comunidad de forma solidaria y sustentable, promoviendo la equidad social y el trabajo digno.<\/p>\n\n\n\n<p>El apoyo a estas estructuras productivas fue resaltado por la vocera comunal Sorelys L\u00f3pez, de la Comuna Adri\u00e1n Moncada, quien agradeci\u00f3 el apoyo recibido por el Gobierno Bolivariano, porque les ha permitido dignificar a los productores y avanzar en la entrega de insumos y alimentos.<\/p>\n\n\n\n<p>En tanto, Salvador P\u00e9rez, vocero de la Comuna Agroecol\u00f3gica y Ecotur\u00edstica Bucaral Unidos para Vencer, indic\u00f3 que desde hace a\u00f1o y medio se ha implementado un Plan Comunal del Caf\u00e9 para mejorar la calidad de este rubro.<\/p>\n\n\n\n<p>Por otro lado, destac\u00f3 que el suministro de gasoil en 2024 y 2025, para el transporte de la cosecha y la movilizaci\u00f3n de equipos agr\u00edcolas, ha sido de gran ayuda.<\/p>\n\n\n\n<p>La EPS Lucha de Ch\u00e1vez por los Caficultores, es integrado por las comunas: Agroecol\u00f3gica y Ecotur\u00edstica Comandante Adri\u00e1n Moncada, Campesina Eco Tur\u00edstica Luis Torrealba, Socialista y Revolucionaria Eco Productiva Agua Sagrada Terepaima, Agroecol\u00f3gica Ecotur\u00edstica Juan Sabas Peralta, Agroecol\u00f3gica y Ecotur\u00edstica Quintino Alvarado, Agroecol\u00f3gica y Ecotur\u00edstica Bucaral Unidos para Vencer, Socialista Esperanza Revolucionaria, Unidos por una misma causa, La Lucha Sigue y El Maizal.<\/p>\n\n\n\n<p><strong>Prensa Presidencial \/ Iliana Rosales<\/strong><\/p>\n","protected":false},"excerpt":{"rendered":"<p>R\u00edo Claro, Lara.- El presidente de la Rep\u00fablica Bolivariana de Venezuela, Nicol\u00e1s Maduro, sostuvo este viernes un pase satelital con el estado Lara, para supervisar el Plan de Gesti\u00f3n de la Empresa de Producci\u00f3n Social (EPS) Lucha de Ch\u00e1vez por los Caficultores, en la localidad de R\u00edo Claro, parroquia Ju\u00e1rez, municipio Iribarren, destacando el avance [&hellip;]<\/p>\n","protected":false},"author":1,"featured_media":24821,"comment_status":"open","ping_status":"open","sticky":false,"template":"","format":"standard","meta":{"footnotes":""},"categories":[18,7],"tags":[],"class_list":["post-24820","post","type-post","status-publish","format-standard","has-post-thumbnail","hentry","category-noticias-principales","category-notas-de-prensa"],"_links":{"self":[{"href":"https:\/\/prensapresidencialvenezuela.gob.ve\/index.php\/wp-json\/wp\/v2\/posts\/24820","targetHints":{"allow":["GET"]}}],"collection":[{"href":"https:\/\/prensapresidencialvenezuela.gob.ve\/index.php\/wp-json\/wp\/v2\/posts"}],"about":[{"href":"https:\/\/prensapresidencialvenezuela.gob.ve\/index.php\/wp-json\/wp\/v2\/types\/post"}],"author":[{"embeddable":true,"href":"https:\/\/prensapresidencialvenezuela.gob.ve\/index.php\/wp-json\/wp\/v2\/users\/1"}],"replies":[{"embeddable":true,"href":"https:\/\/prensapresidencialvenezuela.gob.ve\/index.php\/wp-json\/wp\/v2\/comments?post=24820"}],"version-history":[{"count":1,"href":"https:\/\/prensapresidencialvenezuela.gob.ve\/index.php\/wp-json\/wp\/v2\/posts\/24820\/revisions"}],"predecessor-version":[{"id":24822,"href":"https:\/\/prensapresidencialvenezuela.gob.ve\/index.php\/wp-json\/wp\/v2\/posts\/24820\/revisions\/24822"}],"wp:featuredmedia":[{"embeddable":true,"href":"https:\/\/prensapresidencialvenezuela.gob.ve\/index.php\/wp-json\/wp\/v2\/media\/24821"}],"wp:attachment":[{"href":"https:\/\/prensapresidencialvenezuela.gob.ve\/index.php\/wp-json\/wp\/v2\/media?parent=24820"}],"wp:term":[{"taxonomy":"category","embeddable":true,"href":"https:\/\/prensapresidencialvenezuela.gob.ve\/index.php\/wp-json\/wp\/v2\/categories?post=24820"},{"taxonomy":"post_tag","embeddable":true,"href":"https:\/\/prensapresidencialvenezuela.gob.ve\/index.php\/wp-json\/wp\/v2\/tags?post=24820"}],"curies":[{"name":"wp","href":"https:\/\/api.w.org\/{rel}","templated":true}]}}