{"id":24823,"date":"2025-10-24T19:14:51","date_gmt":"2025-10-24T23:14:51","guid":{"rendered":"https:\/\/prensapresidencialvenezuela.gob.ve\/?p=24823"},"modified":"2025-10-24T19:14:51","modified_gmt":"2025-10-24T23:14:51","slug":"comunas-del-pais-continuan-en-la-construccion-de-la-diversidad-de-todas-las-instancias-de-gobierno","status":"publish","type":"post","link":"https:\/\/prensapresidencialvenezuela.gob.ve\/index.php\/2025\/10\/24\/comunas-del-pais-continuan-en-la-construccion-de-la-diversidad-de-todas-las-instancias-de-gobierno\/","title":{"rendered":"Comunas del pa\u00eds contin\u00faan en la construcci\u00f3n de la diversidad de todas las instancias de Gobierno"},"content":{"rendered":"\n<p><strong>Colina Bella, Caracas. \u2013 <\/strong>El ministro del Poder Popular para las Comunas, los Movimientos Sociales y Agricultura Urbana, \u00c1ngel Prado, destac\u00f3 durante su intervenci\u00f3n en la actividad que se realiza en la Comuna Agrotur\u00edstica El Gran Topo, para mostrar los avances en la consolidaci\u00f3n de la ruta del gobierno, que el poder comunal est\u00e1 trabajando en la construcci\u00f3n de la diversidad de todas las instancias necesarias para el fortalecimiento de las comunas.<\/p>\n\n\n\n<p>En este orden de ideas, el ministro Prado ha se\u00f1alado que en esta comunidad se dedican a agricultura diversificada, a la cr\u00eda de gallinas, conejos, pero tambi\u00e9n a la producci\u00f3n de hortalizas y frutas; todo de la mano de las comunas aliadas.<\/p>\n\n\n\n<p>\u00abVamos a trabajar ahora en la diversidad de todas las comunas, para crear todas las instancias, el parlamento, el Banco Comunal, Comit\u00e9 de Justicia y de Paz, equipos de la juventud, Salas de Autogobierno Popular y Comunal, del Plan de las 7Transformaciones y un plan de desarrollo econ\u00f3mico\u00bb, precis\u00f3 Prado.<\/p>\n\n\n\n<p>Al mismo tiempo, ha enfatizado que el pueblo local de la Comuna Agrotur\u00edstica El Gran Topo, que est\u00e1 conformado por siete (7) consejos comunales, y est\u00e1 feliz y dispuesta a defender la Gran Patria, porque \u00abpor la Comuna Gran Topo no pasar\u00e1n\u00bb.&nbsp;<\/p>\n\n\n\n<p>Por su parte, uno de los voceros del sector y que forma parte de la comuna, enfatiz\u00f3 que los \u00abataques del imperio se vencen es con la producci\u00f3n, porque somos 100% comunas\u00bb.<\/p>\n\n\n\n<p>Mientras que la se\u00f1ora Rosa, comunera del \u00abGran Topo\u00bb, inform\u00f3 que ellos est\u00e1n preparados para la elecci\u00f3n de los siete (7) proyectos que ser\u00e1n propuestos en las pr\u00f3ximas Consultas Populares, y, que adem\u00e1s, de estas propuestas seleccionadas, la primera se ejecutar\u00e1 a trav\u00e9s del Consejo Federal de Gobierno, y la segunda elegida con la Alcald\u00eda de Caracas.<\/p>\n\n\n\n<p><strong>Prensa Presidencial\/ Irmary D\u00edaz<\/strong><\/p>\n","protected":false},"excerpt":{"rendered":"<p>Colina Bella, Caracas. \u2013 El ministro del Poder Popular para las Comunas, los Movimientos Sociales y Agricultura Urbana, \u00c1ngel Prado, destac\u00f3 durante su intervenci\u00f3n en la actividad que se realiza en la Comuna Agrotur\u00edstica El Gran Topo, para mostrar los avances en la consolidaci\u00f3n de la ruta del gobierno, que el poder comunal est\u00e1 trabajando [&hellip;]<\/p>\n","protected":false},"author":1,"featured_media":24824,"comment_status":"open","ping_status":"open","sticky":false,"template":"","format":"standard","meta":{"footnotes":""},"categories":[18,7],"tags":[],"class_list":["post-24823","post","type-post","status-publish","format-standard","has-post-thumbnail","hentry","category-noticias-principales","category-notas-de-prensa"],"_links":{"self":[{"href":"https:\/\/prensapresidencialvenezuela.gob.ve\/index.php\/wp-json\/wp\/v2\/posts\/24823","targetHints":{"allow":["GET"]}}],"collection":[{"href":"https:\/\/prensapresidencialvenezuela.gob.ve\/index.php\/wp-json\/wp\/v2\/posts"}],"about":[{"href":"https:\/\/prensapresidencialvenezuela.gob.ve\/index.php\/wp-json\/wp\/v2\/types\/post"}],"author":[{"embeddable":true,"href":"https:\/\/prensapresidencialvenezuela.gob.ve\/index.php\/wp-json\/wp\/v2\/users\/1"}],"replies":[{"embeddable":true,"href":"https:\/\/prensapresidencialvenezuela.gob.ve\/index.php\/wp-json\/wp\/v2\/comments?post=24823"}],"version-history":[{"count":1,"href":"https:\/\/prensapresidencialvenezuela.gob.ve\/index.php\/wp-json\/wp\/v2\/posts\/24823\/revisions"}],"predecessor-version":[{"id":24825,"href":"https:\/\/prensapresidencialvenezuela.gob.ve\/index.php\/wp-json\/wp\/v2\/posts\/24823\/revisions\/24825"}],"wp:featuredmedia":[{"embeddable":true,"href":"https:\/\/prensapresidencialvenezuela.gob.ve\/index.php\/wp-json\/wp\/v2\/media\/24824"}],"wp:attachment":[{"href":"https:\/\/prensapresidencialvenezuela.gob.ve\/index.php\/wp-json\/wp\/v2\/media?parent=24823"}],"wp:term":[{"taxonomy":"category","embeddable":true,"href":"https:\/\/prensapresidencialvenezuela.gob.ve\/index.php\/wp-json\/wp\/v2\/categories?post=24823"},{"taxonomy":"post_tag","embeddable":true,"href":"https:\/\/prensapresidencialvenezuela.gob.ve\/index.php\/wp-json\/wp\/v2\/tags?post=24823"}],"curies":[{"name":"wp","href":"https:\/\/api.w.org\/{rel}","templated":true}]}}