{"id":24826,"date":"2025-10-24T19:16:06","date_gmt":"2025-10-24T23:16:06","guid":{"rendered":"https:\/\/prensapresidencialvenezuela.gob.ve\/?p=24826"},"modified":"2025-10-25T12:53:18","modified_gmt":"2025-10-25T16:53:18","slug":"fuerza-armada-mantendra-despliegue-en-costas-venezolanas-para-defender-centimetro-a-centimetro","status":"publish","type":"post","link":"https:\/\/prensapresidencialvenezuela.gob.ve\/index.php\/2025\/10\/24\/fuerza-armada-mantendra-despliegue-en-costas-venezolanas-para-defender-centimetro-a-centimetro\/","title":{"rendered":"Fuerza Armada mantendr\u00e1 despliegue en costas venezolanas para defender \u00abcent\u00edmetro a cent\u00edmetro\u00bb\u00a0"},"content":{"rendered":"\n<p><strong>Colina Bella, Caracas. \u2013 <\/strong>A prop\u00f3sito del Ejercicio de Defensa Costa Independencia 200, que est\u00e1 ejecutando la Fuerza Armada Nacional Bolivariana (FANB), el presidente de la Rep\u00fablica Bolivariana de Venezuela, Nicol\u00e1s Maduro Moros, inform\u00f3 que el pasado jueves 23 de octubre se establecieron 73 puntos centrales de despliegue de las armas del cuerpo castrense, con el objetivo de fortalecer la defensa del pa\u00eds ante amenazas externas.<\/p>\n\n\n\n<p>En este sentido, el Jefe de Estado explic\u00f3 que en cada punto de expansi\u00f3n se desprende un aproximado de diez m\u00e1s, es decir, lo que podr\u00eda indicar un total de 700 a mil puntos de defensa en la costa, para preservar la tranquilidad del pa\u00eds.&nbsp;<\/p>\n\n\n\n<p>Por su parte, el vicepresidente sectorial de Soberan\u00eda Pol\u00edtica, Seguridad y Paz, GJ Vladimir Padrino L\u00f3pez, asever\u00f3 que en Venezuela se han roto las l\u00edneas divisorias entre pueblo y fuerzas militares, ya que en la naci\u00f3n ha irrumpido un movimiento f\u00e9rtil para la uni\u00f3n, producci\u00f3n y defensa de la patria.<\/p>\n\n\n\n<p>El tambi\u00e9n ministro del Poder Popular para la Defensa, enfatiz\u00f3 que el poder militar venezolano estar\u00e1 acompa\u00f1ando siempre a las comunidades, al pueblo; porque \u00abla defensa nacional no solo es un problema de los militares, es un problema de todos los venezolanos y venezolanas que han decidido, por amor a la misma, defenderla cent\u00edmetro a cent\u00edmetro\u00bb.&nbsp;<\/p>\n\n\n\n<p>Asimismo, destac\u00f3 que tal como lo ha instruido el Jefe de Estado, las Fuerzas Armadas continuar\u00e1n este s\u00e1bado 25 octubre, junto a la Milicia Bolivariana, en el resguardo del territorio venezolano, para la garant\u00eda de paz en perfecta cohesi\u00f3n con el Poder Popular.<\/p>\n\n\n\n<p>En este contexto, el GJ Padrino L\u00f3pez enfatiz\u00f3 que el Gobierno norteamericano no perdona que con el comandante Hugo Ch\u00e1vez, desde las mismas cuencas del Caribe, se haya alzado la voz de un pueblo, de un l\u00edder y de un Proyecto Bolivariano.<\/p>\n\n\n\n<p>Para finalizar este punto, asever\u00f3 que, en el presente, esa voz del pueblo ha producido en la regi\u00f3n lo que \u00abse ha definido como una zona de paz, que se ha construido bajo un consenso latinoamericano, que seguir\u00e1 defendiendo su soberan\u00eda\u00bb.<\/p>\n\n\n\n<p><strong>Prensa Presidencial\/ Irmary D\u00edaz<\/strong><\/p>\n","protected":false},"excerpt":{"rendered":"<p>Colina Bella, Caracas. \u2013 A prop\u00f3sito del Ejercicio de Defensa Costa Independencia 200, que est\u00e1 ejecutando la Fuerza Armada Nacional Bolivariana (FANB), el presidente de la Rep\u00fablica Bolivariana de Venezuela, Nicol\u00e1s Maduro Moros, inform\u00f3 que el pasado jueves 23 de octubre se establecieron 73 puntos centrales de despliegue de las armas del cuerpo castrense, con [&hellip;]<\/p>\n","protected":false},"author":1,"featured_media":24827,"comment_status":"open","ping_status":"open","sticky":false,"template":"","format":"standard","meta":{"footnotes":""},"categories":[18,7],"tags":[],"class_list":["post-24826","post","type-post","status-publish","format-standard","has-post-thumbnail","hentry","category-noticias-principales","category-notas-de-prensa"],"_links":{"self":[{"href":"https:\/\/prensapresidencialvenezuela.gob.ve\/index.php\/wp-json\/wp\/v2\/posts\/24826","targetHints":{"allow":["GET"]}}],"collection":[{"href":"https:\/\/prensapresidencialvenezuela.gob.ve\/index.php\/wp-json\/wp\/v2\/posts"}],"about":[{"href":"https:\/\/prensapresidencialvenezuela.gob.ve\/index.php\/wp-json\/wp\/v2\/types\/post"}],"author":[{"embeddable":true,"href":"https:\/\/prensapresidencialvenezuela.gob.ve\/index.php\/wp-json\/wp\/v2\/users\/1"}],"replies":[{"embeddable":true,"href":"https:\/\/prensapresidencialvenezuela.gob.ve\/index.php\/wp-json\/wp\/v2\/comments?post=24826"}],"version-history":[{"count":2,"href":"https:\/\/prensapresidencialvenezuela.gob.ve\/index.php\/wp-json\/wp\/v2\/posts\/24826\/revisions"}],"predecessor-version":[{"id":24836,"href":"https:\/\/prensapresidencialvenezuela.gob.ve\/index.php\/wp-json\/wp\/v2\/posts\/24826\/revisions\/24836"}],"wp:featuredmedia":[{"embeddable":true,"href":"https:\/\/prensapresidencialvenezuela.gob.ve\/index.php\/wp-json\/wp\/v2\/media\/24827"}],"wp:attachment":[{"href":"https:\/\/prensapresidencialvenezuela.gob.ve\/index.php\/wp-json\/wp\/v2\/media?parent=24826"}],"wp:term":[{"taxonomy":"category","embeddable":true,"href":"https:\/\/prensapresidencialvenezuela.gob.ve\/index.php\/wp-json\/wp\/v2\/categories?post=24826"},{"taxonomy":"post_tag","embeddable":true,"href":"https:\/\/prensapresidencialvenezuela.gob.ve\/index.php\/wp-json\/wp\/v2\/tags?post=24826"}],"curies":[{"name":"wp","href":"https:\/\/api.w.org\/{rel}","templated":true}]}}