{"id":24838,"date":"2025-10-23T19:33:00","date_gmt":"2025-10-23T23:33:00","guid":{"rendered":"https:\/\/prensapresidencialvenezuela.gob.ve\/?p=24838"},"modified":"2025-10-27T14:34:20","modified_gmt":"2025-10-27T18:34:20","slug":"4-mil-360-consejos-productivos-de-trabajadores-y-trabajadoras-han-sido-conformados-en-todo-el-pais","status":"publish","type":"post","link":"https:\/\/prensapresidencialvenezuela.gob.ve\/index.php\/2025\/10\/23\/4-mil-360-consejos-productivos-de-trabajadores-y-trabajadoras-han-sido-conformados-en-todo-el-pais\/","title":{"rendered":"4 mil 360 Consejos Productivos de Trabajadores y Trabajadoras han sido conformados en todo el pa\u00eds"},"content":{"rendered":"\n<p><strong>Parque Central, Caracas.-<\/strong> Durante una plenaria realizada este jueves por Central Bolivariana de Trabajadores de Venezuela, representada por los Consejos Productivos de Trabajadores, los delegados de sindicatos, de movimientos de trabajadoras y trabajadores patriotas, bolivarianos y chavistas; el primer Presidente Obrero de Venezuela, Nicol\u00e1s Maduro Moros, dio a conocer que desde el 2016 hasta la fecha se han logrado consolidar<\/p>\n\n\n\n<p>4 mil 360 Consejos Productivos de Trabajadores y Trabajadoras (CPT) en todo el territorio nacional.<\/p>\n\n\n\n<p>Trabajadores que asumieron una conciencia productiva, son los que est\u00e1n aplicando el m\u00e9todo de la autocr\u00edtica constructiva para que los CPT vuelvan a ocupar un papel vital en el modelo de la construcci\u00f3n del socialismo obrero venezolano, a trav\u00e9s del Proceso Popular Constituyente de la Clase Obrera a realizarse en los pr\u00f3ximos meses.<\/p>\n\n\n\n<p>El Jefe de Estado venezolano, destac\u00f3 que son 4 mil 360 sesenta Consejos Productivos de Trabajadores y Trabajadoras en 4 mil 360 empresas del pa\u00eds, privadas, p\u00fablicas y mixtas. \u00abNo es poca cosa, compa\u00f1eros. Es nuestra experiencia\u00bb, dijo ante los trabajadores y trabajadoras presentes en la asamblea.<\/p>\n\n\n\n<p>Este escenario fue propicio para que el Mandatario Nacional recordara los aportes que dej\u00f3 el Comandante Hugo Rafael Ch\u00e1vez Fr\u00edas, quien a su criterio fue un visionario del porvenir de Venezuela.<\/p>\n\n\n\n<p>\u00abNo alcanzar\u00e1n los d\u00edas de la vida para darles las gracias a Dios por habernos mandado a ese profeta, a ese gigante, a ese l\u00edder que nos forj\u00f3 a todos y a todas\u00bb, para referirse al surgimiento del Proceso Popular Constituyente que dio paso al Frente Constituyente de Trabajadores, a la Fuerza Bolivariana de Trabajadores, a la Uni\u00f3n Nacional de Trabajadores (UNT) y a la Central Bolivariana Socialista de Trabajadores y Trabajadoras (CBST).<\/p>\n\n\n\n<p>El Presidente Nicol\u00e1s Maduro precis\u00f3 que el desaf\u00edo que ahora enfrentan los CPT es este nuevo Proceso Popular Constituyente de la Clase Obrera que va a ser la Revoluci\u00f3n m\u00e1s grande que se haya hecho en la clase trabajadora de todo el pa\u00eds.<\/p>\n\n\n\n<p><strong>Prensa Presidencial\/ Claudia Guerra M\u00e9ndez<\/strong><\/p>\n\n\n\n<p><\/p>\n","protected":false},"excerpt":{"rendered":"<p>Parque Central, Caracas.- Durante una plenaria realizada este jueves por Central Bolivariana de Trabajadores de Venezuela, representada por los Consejos Productivos de Trabajadores, los delegados de sindicatos, de movimientos de trabajadoras y trabajadores patriotas, bolivarianos y chavistas; el primer Presidente Obrero de Venezuela, Nicol\u00e1s Maduro Moros, dio a conocer que desde el 2016 hasta la [&hellip;]<\/p>\n","protected":false},"author":1,"featured_media":24839,"comment_status":"open","ping_status":"open","sticky":false,"template":"","format":"standard","meta":{"footnotes":""},"categories":[18,7],"tags":[],"class_list":["post-24838","post","type-post","status-publish","format-standard","has-post-thumbnail","hentry","category-noticias-principales","category-notas-de-prensa"],"_links":{"self":[{"href":"https:\/\/prensapresidencialvenezuela.gob.ve\/index.php\/wp-json\/wp\/v2\/posts\/24838","targetHints":{"allow":["GET"]}}],"collection":[{"href":"https:\/\/prensapresidencialvenezuela.gob.ve\/index.php\/wp-json\/wp\/v2\/posts"}],"about":[{"href":"https:\/\/prensapresidencialvenezuela.gob.ve\/index.php\/wp-json\/wp\/v2\/types\/post"}],"author":[{"embeddable":true,"href":"https:\/\/prensapresidencialvenezuela.gob.ve\/index.php\/wp-json\/wp\/v2\/users\/1"}],"replies":[{"embeddable":true,"href":"https:\/\/prensapresidencialvenezuela.gob.ve\/index.php\/wp-json\/wp\/v2\/comments?post=24838"}],"version-history":[{"count":1,"href":"https:\/\/prensapresidencialvenezuela.gob.ve\/index.php\/wp-json\/wp\/v2\/posts\/24838\/revisions"}],"predecessor-version":[{"id":24840,"href":"https:\/\/prensapresidencialvenezuela.gob.ve\/index.php\/wp-json\/wp\/v2\/posts\/24838\/revisions\/24840"}],"wp:featuredmedia":[{"embeddable":true,"href":"https:\/\/prensapresidencialvenezuela.gob.ve\/index.php\/wp-json\/wp\/v2\/media\/24839"}],"wp:attachment":[{"href":"https:\/\/prensapresidencialvenezuela.gob.ve\/index.php\/wp-json\/wp\/v2\/media?parent=24838"}],"wp:term":[{"taxonomy":"category","embeddable":true,"href":"https:\/\/prensapresidencialvenezuela.gob.ve\/index.php\/wp-json\/wp\/v2\/categories?post=24838"},{"taxonomy":"post_tag","embeddable":true,"href":"https:\/\/prensapresidencialvenezuela.gob.ve\/index.php\/wp-json\/wp\/v2\/tags?post=24838"}],"curies":[{"name":"wp","href":"https:\/\/api.w.org\/{rel}","templated":true}]}}