{"id":24841,"date":"2025-10-27T19:18:24","date_gmt":"2025-10-27T23:18:24","guid":{"rendered":"https:\/\/prensapresidencialvenezuela.gob.ve\/?p=24841"},"modified":"2025-10-27T21:15:59","modified_gmt":"2025-10-28T01:15:59","slug":"mision-viva-venezuela-mi-patria-querida-operara-desde-el-cuartel-san-carlos","status":"publish","type":"post","link":"https:\/\/prensapresidencialvenezuela.gob.ve\/index.php\/2025\/10\/27\/mision-viva-venezuela-mi-patria-querida-operara-desde-el-cuartel-san-carlos\/","title":{"rendered":"Misi\u00f3n Viva Venezuela Mi Patria Querida, operar\u00e1 desde el Cuartel San Carlos"},"content":{"rendered":"\n<p><strong>Cuartel San Carlos, Caracas.- <\/strong>En su programa <em>Con Maduro+,<\/em> edici\u00f3n No.95, desde el Cuartel San Carlos, el presidente de la Rep\u00fablica Bolivariana de Venezuela, Nicol\u00e1s Maduro Moros, anunci\u00f3 que la Gran Misi\u00f3n Viva Venezuela Mi Patria Querida, reverdecer\u00e1 a partir de este momento e iniciar\u00e1 operaciones desde el mencionado centro hist\u00f3rico, el cual ha sido denominado la Casa de la Libertad y de la Cultura Al\u00ed Primera.<\/p>\n\n\n\n<p>Luego de presentar el resumen de <em>Semana Presidencial<\/em>, dedicada al OBRAT\u00d3N, el Jefe de Estado felicit\u00f3 al vicepresidente sectorial de Obras P\u00fablicas y Servicios, Mayor General Jorge Elieser M\u00e1rquez, por la pronta y eficaz recuperaci\u00f3n del Cuartel San Carlos, que podr\u00e1 ser visitado por todos los venezolanos y venezolanas desde ahora.<\/p>\n\n\n\n<p>\u00abEs un tremendo espacio para la cultura, para el teatro, para la m\u00fasica, para las artes circenses, para la presencia diaria, para la alegr\u00eda, para la patineta, para los patines, para la bicicleta, para correr con los ni\u00f1os, para correr con las ni\u00f1as. Todo este espacio se lo regalo a los ni\u00f1os, a las ni\u00f1as, al futuro. Es una hermosura, de verdad. Estamos construyendo una patria muy hermosa, paso a paso, con serenidad. Paso a paso, que vamos lejos\u00bb, precis\u00f3 el Mandatario nacional.<\/p>\n\n\n\n<figure class=\"wp-block-image size-large\"><img fetchpriority=\"high\" decoding=\"async\" width=\"1024\" height=\"682\" src=\"https:\/\/prensapresidencialvenezuela.gob.ve\/wp-content\/uploads\/2025\/10\/4900075497807612831-1024x682.jpg\" alt=\"\" class=\"wp-image-24846\" srcset=\"https:\/\/prensapresidencialvenezuela.gob.ve\/wp-content\/uploads\/2025\/10\/4900075497807612831-1024x682.jpg 1024w, https:\/\/prensapresidencialvenezuela.gob.ve\/wp-content\/uploads\/2025\/10\/4900075497807612831-300x200.jpg 300w, https:\/\/prensapresidencialvenezuela.gob.ve\/wp-content\/uploads\/2025\/10\/4900075497807612831-768x512.jpg 768w, https:\/\/prensapresidencialvenezuela.gob.ve\/wp-content\/uploads\/2025\/10\/4900075497807612831.jpg 1280w\" sizes=\"(max-width: 1024px) 100vw, 1024px\" \/><\/figure>\n\n\n\n<p><strong>Buenas noticias para Venezuela<\/strong><\/p>\n\n\n\n<p>El presidente Nicol\u00e1s Maduro indic\u00f3 que la capacidad productiva del pa\u00eds se pierde de vista. Luego de haber visitado, en las \u00faltimas semanas, algunos estados del pa\u00eds que est\u00e1n en m\u00e1xima producci\u00f3n agroalimentaria, que no solo abastece el mercado nacional, sino que tambi\u00e9n cuentan con calidad y cantidad para la exportaci\u00f3n.<\/p>\n\n\n\n<p>\u00abHa nacido un nuevo Estado, y ese es el Estado comunal es m\u00e1s eficiente, m\u00e1s eficaz, m\u00e1s democr\u00e1tico y que hace la obra y la entrega r\u00e1pido, a tiempo, bonita y barata. El que tenga ojos, aqu\u00ed y en el mundo, que los abra y vea la Venezuela de verdad\u00bb, destac\u00f3 el Jefe de Estado venezolano ante las autoridades invitadas a su programa, para referirse no solo a los proyectos productivos, sino tambi\u00e9n a las obras que contribuyen al buen vivir del pueblo venezolano.<\/p>\n\n\n\n<p>De esta manera, el Dignatario nacional recalc\u00f3 que las \u00abBuenas Noticias\u00bb siempre acompa\u00f1an a Venezuela; ya que cuenta con el amor y el apoyo de los venezolanos y venezolanas, para preservar la paz y construir la prosperidad del presente y futuro de todos y de todas.<\/p>\n\n\n\n<p><strong>Prensa Presidencial\/Claudia Guerra M\u00e9ndez<\/strong><\/p>\n","protected":false},"excerpt":{"rendered":"<p>Cuartel San Carlos, Caracas.- En su programa Con Maduro+, edici\u00f3n No.95, desde el Cuartel San Carlos, el presidente de la Rep\u00fablica Bolivariana de Venezuela, Nicol\u00e1s Maduro Moros, anunci\u00f3 que la Gran Misi\u00f3n Viva Venezuela Mi Patria Querida, reverdecer\u00e1 a partir de este momento e iniciar\u00e1 operaciones desde el mencionado centro hist\u00f3rico, el cual ha sido [&hellip;]<\/p>\n","protected":false},"author":1,"featured_media":24845,"comment_status":"open","ping_status":"open","sticky":false,"template":"","format":"standard","meta":{"footnotes":""},"categories":[18,7],"tags":[],"class_list":["post-24841","post","type-post","status-publish","format-standard","has-post-thumbnail","hentry","category-noticias-principales","category-notas-de-prensa"],"_links":{"self":[{"href":"https:\/\/prensapresidencialvenezuela.gob.ve\/index.php\/wp-json\/wp\/v2\/posts\/24841","targetHints":{"allow":["GET"]}}],"collection":[{"href":"https:\/\/prensapresidencialvenezuela.gob.ve\/index.php\/wp-json\/wp\/v2\/posts"}],"about":[{"href":"https:\/\/prensapresidencialvenezuela.gob.ve\/index.php\/wp-json\/wp\/v2\/types\/post"}],"author":[{"embeddable":true,"href":"https:\/\/prensapresidencialvenezuela.gob.ve\/index.php\/wp-json\/wp\/v2\/users\/1"}],"replies":[{"embeddable":true,"href":"https:\/\/prensapresidencialvenezuela.gob.ve\/index.php\/wp-json\/wp\/v2\/comments?post=24841"}],"version-history":[{"count":2,"href":"https:\/\/prensapresidencialvenezuela.gob.ve\/index.php\/wp-json\/wp\/v2\/posts\/24841\/revisions"}],"predecessor-version":[{"id":24867,"href":"https:\/\/prensapresidencialvenezuela.gob.ve\/index.php\/wp-json\/wp\/v2\/posts\/24841\/revisions\/24867"}],"wp:featuredmedia":[{"embeddable":true,"href":"https:\/\/prensapresidencialvenezuela.gob.ve\/index.php\/wp-json\/wp\/v2\/media\/24845"}],"wp:attachment":[{"href":"https:\/\/prensapresidencialvenezuela.gob.ve\/index.php\/wp-json\/wp\/v2\/media?parent=24841"}],"wp:term":[{"taxonomy":"category","embeddable":true,"href":"https:\/\/prensapresidencialvenezuela.gob.ve\/index.php\/wp-json\/wp\/v2\/categories?post=24841"},{"taxonomy":"post_tag","embeddable":true,"href":"https:\/\/prensapresidencialvenezuela.gob.ve\/index.php\/wp-json\/wp\/v2\/tags?post=24841"}],"curies":[{"name":"wp","href":"https:\/\/api.w.org\/{rel}","templated":true}]}}