{"id":24848,"date":"2025-10-27T19:43:59","date_gmt":"2025-10-27T23:43:59","guid":{"rendered":"https:\/\/prensapresidencialvenezuela.gob.ve\/?p=24848"},"modified":"2025-10-27T19:44:00","modified_gmt":"2025-10-27T23:44:00","slug":"venezuela-proyecta-un-crecimiento-superior-al-9-para-la-economia-robusta-nacional-en-2025","status":"publish","type":"post","link":"https:\/\/prensapresidencialvenezuela.gob.ve\/index.php\/2025\/10\/27\/venezuela-proyecta-un-crecimiento-superior-al-9-para-la-economia-robusta-nacional-en-2025\/","title":{"rendered":"Venezuela proyecta un crecimiento superior al 9% para la econom\u00eda robusta nacional en 2025"},"content":{"rendered":"\n<p><strong>Cuartel San Carlos, Caracas.-<\/strong> El presidente de la Rep\u00fablica Bolivariana de Venezuela, Nicol\u00e1s Maduro, destac\u00f3 este lunes, durante la edici\u00f3n n\u00famero 95 de su programa <em>Con Maduro +,<\/em> en el segmento \u00abZona Digital\u00bb, que el pa\u00eds proyecta un crecimiento econ\u00f3mico que superar\u00e1 las estimaciones internacionales.<\/p>\n\n\n\n<p>Tras conocer un pron\u00f3stico de la Comisi\u00f3n Econ\u00f3mica para Am\u00e9rica Latina y el Caribe (CEPAL), que estima un incremento de 6% para la econom\u00eda nacional, el Mandatario nacional enfatiz\u00f3 que las \u00abvariables estad\u00edsticas del pa\u00eds se\u00f1alan que va a ser superior\u00bb a dicha cifra.<\/p>\n\n\n\n<p>Destac\u00f3 que este logro se ha obtenido \u00aba pulm\u00f3n propio, con esfuerzo propio, sin depender de nadie en este mundo\u00bb. Asimismo, mencion\u00f3 que la econom\u00eda del pa\u00eds se encuentra cada vez m\u00e1s robusta y en la b\u00fasqueda de romper con toda dependencia del petr\u00f3leo.<\/p>\n\n\n\n<p>\u00abNadie nos va a poder sacar nunca de la ecuaci\u00f3n energ\u00e9tica del mundo; pero ya el error que se cometi\u00f3 100 a\u00f1os, de depender de la renta petrolera, tiene que irse acabando completamente y estamos en esa direcci\u00f3n\u00bb, indic\u00f3, basado en que el modelo econ\u00f3mico actual posee 13 Motores, que avanzan de forma din\u00e1mica hacia una armon\u00eda.<\/p>\n\n\n\n<p>Reconoci\u00f3, no obstante, que a\u00fan hay \u00abmuchas variables que todav\u00eda hay que estabilizar\u00bb, pues reconoci\u00f3 que a principios de a\u00f1o se intent\u00f3 golpear duramente la econom\u00eda.<\/p>\n\n\n\n<p><strong>Prensa Presidencial \/ Iliana Rosales<\/strong><\/p>\n","protected":false},"excerpt":{"rendered":"<p>Cuartel San Carlos, Caracas.- El presidente de la Rep\u00fablica Bolivariana de Venezuela, Nicol\u00e1s Maduro, destac\u00f3 este lunes, durante la edici\u00f3n n\u00famero 95 de su programa Con Maduro +, en el segmento \u00abZona Digital\u00bb, que el pa\u00eds proyecta un crecimiento econ\u00f3mico que superar\u00e1 las estimaciones internacionales. Tras conocer un pron\u00f3stico de la Comisi\u00f3n Econ\u00f3mica para Am\u00e9rica [&hellip;]<\/p>\n","protected":false},"author":1,"featured_media":24849,"comment_status":"open","ping_status":"open","sticky":false,"template":"","format":"standard","meta":{"footnotes":""},"categories":[18,7],"tags":[],"class_list":["post-24848","post","type-post","status-publish","format-standard","has-post-thumbnail","hentry","category-noticias-principales","category-notas-de-prensa"],"_links":{"self":[{"href":"https:\/\/prensapresidencialvenezuela.gob.ve\/index.php\/wp-json\/wp\/v2\/posts\/24848","targetHints":{"allow":["GET"]}}],"collection":[{"href":"https:\/\/prensapresidencialvenezuela.gob.ve\/index.php\/wp-json\/wp\/v2\/posts"}],"about":[{"href":"https:\/\/prensapresidencialvenezuela.gob.ve\/index.php\/wp-json\/wp\/v2\/types\/post"}],"author":[{"embeddable":true,"href":"https:\/\/prensapresidencialvenezuela.gob.ve\/index.php\/wp-json\/wp\/v2\/users\/1"}],"replies":[{"embeddable":true,"href":"https:\/\/prensapresidencialvenezuela.gob.ve\/index.php\/wp-json\/wp\/v2\/comments?post=24848"}],"version-history":[{"count":1,"href":"https:\/\/prensapresidencialvenezuela.gob.ve\/index.php\/wp-json\/wp\/v2\/posts\/24848\/revisions"}],"predecessor-version":[{"id":24850,"href":"https:\/\/prensapresidencialvenezuela.gob.ve\/index.php\/wp-json\/wp\/v2\/posts\/24848\/revisions\/24850"}],"wp:featuredmedia":[{"embeddable":true,"href":"https:\/\/prensapresidencialvenezuela.gob.ve\/index.php\/wp-json\/wp\/v2\/media\/24849"}],"wp:attachment":[{"href":"https:\/\/prensapresidencialvenezuela.gob.ve\/index.php\/wp-json\/wp\/v2\/media?parent=24848"}],"wp:term":[{"taxonomy":"category","embeddable":true,"href":"https:\/\/prensapresidencialvenezuela.gob.ve\/index.php\/wp-json\/wp\/v2\/categories?post=24848"},{"taxonomy":"post_tag","embeddable":true,"href":"https:\/\/prensapresidencialvenezuela.gob.ve\/index.php\/wp-json\/wp\/v2\/tags?post=24848"}],"curies":[{"name":"wp","href":"https:\/\/api.w.org\/{rel}","templated":true}]}}