{"id":24858,"date":"2025-10-27T20:40:26","date_gmt":"2025-10-28T00:40:26","guid":{"rendered":"https:\/\/prensapresidencialvenezuela.gob.ve\/?p=24858"},"modified":"2025-10-27T20:40:26","modified_gmt":"2025-10-28T00:40:26","slug":"venezuela-agradece-la-solidaridad-de-los-lideres-del-caribe-ante-el-despliegue-militar-de-ee-uu-en-la-region","status":"publish","type":"post","link":"https:\/\/prensapresidencialvenezuela.gob.ve\/index.php\/2025\/10\/27\/venezuela-agradece-la-solidaridad-de-los-lideres-del-caribe-ante-el-despliegue-militar-de-ee-uu-en-la-region\/","title":{"rendered":"Venezuela agradece la solidaridad de los l\u00edderes del Caribe ante el despliegue militar de EE.UU. en la regi\u00f3n"},"content":{"rendered":"\n<p><strong>Cuartel San Carlos, Caracas. \u2013 <\/strong>El presidente de la Rep\u00fablica Bolivariana de Venezuela, Nicol\u00e1s Maduro, valor\u00f3 la postura de la Conferencia Episcopal de las Antillas y de los l\u00edderes del CARICOM \u2014incluidos primeros y exprimeros ministros\u2014 por alzar su voz contra las amenazas militares dirigidas a Venezuela, Colombia y el Caribe.<\/p>\n\n\n\n<p>El Mandatario calific\u00f3 sus acciones como \u00abvalientes\u00bb y se\u00f1al\u00f3 que la regi\u00f3n vive un \u00abtiempo de definici\u00f3n\u00bb, instando a ubicarse con el \u00abproyecto de convivencia humana\u00bb. El Gobierno Bolivariano celebra este respaldo, que reafirma el compromiso de Venezuela con la verdad y la defensa de la paz regional.<\/p>\n\n\n\n<p><strong>\u00ab<\/strong>Es tiempo definici\u00f3n, est\u00e1s con los guerreristas que quieren la muerte, la violencia, la guerra, con los nazis, o est\u00e1s con la vida, el proyecto de convivencia humana y con la verdad\u00bb, precis\u00f3 el presidente de la Rep\u00fablica Bolivariana de Venezuela, Nicol\u00e1s Maduro Moros, con relaci\u00f3n a la presencia militar estadounidense en el Mar Caribe.<\/p>\n\n\n\n<p>En este contexto, el l\u00edder venezolano ha se\u00f1alado que el Caribe exige respeto, para mantenerlo como una \u00abzona de paz\u00bb, porque el Gobierno venezolano siempre ha tomado partida con la verdad, con la vida, con la alegr\u00eda, para continuar en el camino del crecimiento econ\u00f3mico y con la certeza de lo que se har\u00e1 en el futuro.<\/p>\n\n\n\n<p>Por otra parte, el Mandatario nacional expres\u00f3, en cuanto la situaci\u00f3n que se est\u00e1 viviendo en el Caribe y con los migrantes venezolanos, que este es un claro escenario de que \u00abestamos a las puertas de la toma del poder pol\u00edtico de los nazis en varios lugares del mundo y la reproducci\u00f3n de sus m\u00e9todos\u00bb, ya que la persecuci\u00f3n contra los migrantes, el desprecio, la tortura, la violaci\u00f3n completa de los Derechos Humanos, es una de las t\u00e9cnicas aproximada de lo que jam\u00e1s se pens\u00f3 que se podr\u00eda ver en el presente.<\/p>\n\n\n\n<p>Aunado a esto, destac\u00f3 que en los Estados Unidos residen 40 millones de latinoamericanos y caribe\u00f1os, que cada vez tienen m\u00e1s peso en la opini\u00f3n p\u00fablica, sobre todo en la actualidad que los migrantes est\u00e1n siendo perseguidos con m\u00e9todos de \u00abracia-nazi\u00bb, por su color de piel, por su nacionalidad, por su idioma.<\/p>\n\n\n\n<p>Por tanto, el Dignatario sugiri\u00f3 a los presentes y al pueblo en general, leer el libro <em>Al pie del pat\u00edbulo<\/em>, de Julius Fu\u010d\u00edk, un periodista y escritor checoslovaco, que refleja en sus l\u00edneas y a profundidad, lo que signific\u00f3 la lucha contra la bestia fascista, y c\u00f3mo se enfrenta al enemigo.<\/p>\n\n\n\n<p><strong>Prensa Presidencial\/ Irmary D\u00edaz<\/strong><\/p>\n\n\n\n<p><\/p>\n\n\n\n<p><\/p>\n\n\n\n<p><\/p>\n","protected":false},"excerpt":{"rendered":"<p>Cuartel San Carlos, Caracas. \u2013 El presidente de la Rep\u00fablica Bolivariana de Venezuela, Nicol\u00e1s Maduro, valor\u00f3 la postura de la Conferencia Episcopal de las Antillas y de los l\u00edderes del CARICOM \u2014incluidos primeros y exprimeros ministros\u2014 por alzar su voz contra las amenazas militares dirigidas a Venezuela, Colombia y el Caribe. El Mandatario calific\u00f3 sus [&hellip;]<\/p>\n","protected":false},"author":1,"featured_media":24859,"comment_status":"open","ping_status":"open","sticky":false,"template":"","format":"standard","meta":{"footnotes":""},"categories":[18,7],"tags":[],"class_list":["post-24858","post","type-post","status-publish","format-standard","has-post-thumbnail","hentry","category-noticias-principales","category-notas-de-prensa"],"_links":{"self":[{"href":"https:\/\/prensapresidencialvenezuela.gob.ve\/index.php\/wp-json\/wp\/v2\/posts\/24858","targetHints":{"allow":["GET"]}}],"collection":[{"href":"https:\/\/prensapresidencialvenezuela.gob.ve\/index.php\/wp-json\/wp\/v2\/posts"}],"about":[{"href":"https:\/\/prensapresidencialvenezuela.gob.ve\/index.php\/wp-json\/wp\/v2\/types\/post"}],"author":[{"embeddable":true,"href":"https:\/\/prensapresidencialvenezuela.gob.ve\/index.php\/wp-json\/wp\/v2\/users\/1"}],"replies":[{"embeddable":true,"href":"https:\/\/prensapresidencialvenezuela.gob.ve\/index.php\/wp-json\/wp\/v2\/comments?post=24858"}],"version-history":[{"count":1,"href":"https:\/\/prensapresidencialvenezuela.gob.ve\/index.php\/wp-json\/wp\/v2\/posts\/24858\/revisions"}],"predecessor-version":[{"id":24860,"href":"https:\/\/prensapresidencialvenezuela.gob.ve\/index.php\/wp-json\/wp\/v2\/posts\/24858\/revisions\/24860"}],"wp:featuredmedia":[{"embeddable":true,"href":"https:\/\/prensapresidencialvenezuela.gob.ve\/index.php\/wp-json\/wp\/v2\/media\/24859"}],"wp:attachment":[{"href":"https:\/\/prensapresidencialvenezuela.gob.ve\/index.php\/wp-json\/wp\/v2\/media?parent=24858"}],"wp:term":[{"taxonomy":"category","embeddable":true,"href":"https:\/\/prensapresidencialvenezuela.gob.ve\/index.php\/wp-json\/wp\/v2\/categories?post=24858"},{"taxonomy":"post_tag","embeddable":true,"href":"https:\/\/prensapresidencialvenezuela.gob.ve\/index.php\/wp-json\/wp\/v2\/tags?post=24858"}],"curies":[{"name":"wp","href":"https:\/\/api.w.org\/{rel}","templated":true}]}}