{"id":24865,"date":"2025-10-27T21:17:14","date_gmt":"2025-10-28T01:17:14","guid":{"rendered":"https:\/\/prensapresidencialvenezuela.gob.ve\/?p=24865"},"modified":"2025-10-27T21:17:15","modified_gmt":"2025-10-28T01:17:15","slug":"presidente-maduro-senala-a-rodrigo-paz-de-proimperialista-y-de-seguir-ordenes-de-ee-uu","status":"publish","type":"post","link":"https:\/\/prensapresidencialvenezuela.gob.ve\/index.php\/2025\/10\/27\/presidente-maduro-senala-a-rodrigo-paz-de-proimperialista-y-de-seguir-ordenes-de-ee-uu\/","title":{"rendered":"Presidente Maduro se\u00f1ala a Rodrigo Paz de proimperialista y de seguir \u00f3rdenes de EE. UU."},"content":{"rendered":"\n<p><strong>Cuartel San Carlos, Caracas.-<\/strong> El presidente de la Rep\u00fablica Bolivariana de Venezuela, Nicol\u00e1s Maduro, durante el programa Con Maduro+, edici\u00f3n n\u00famero 95, se\u00f1al\u00f3 que la suspensi\u00f3n del nuevo gobierno de Bolivia, encabezado por Rodrigo Paz, de la Alianza Bolivariana para los Pueblos de Nuestra Am\u00e9rica (ALBA), est\u00e1 justificada en sus acciones anti bolivarianas y proimperialistas.<\/p>\n\n\n\n<p>\u00abALBA tom\u00f3 una medida preventiva de salud pol\u00edtica y diplom\u00e1tica ante la agresi\u00f3n descarada e injustificada de este se\u00f1or Paz contra tres pa\u00edses dignos: Cuba, Nicaragua y Venezuela, cumpliendo \u00f3rdenes de la embajada gringa, porque \u00e9l cree que arrastr\u00e1ndose a la embajada gringa va a tener el apoyo del pueblo. Y ese pueblo boliviano es un pueblo brav\u00edo, hist\u00f3rico, que ha conocido la luz, la libertad y el poder, y se va a elevar por encima de cualquier circunstancia que pueda venir\u00bb, dijo el Mandatario Nacional.<\/p>\n\n\n\n<p>Adem\u00e1s de ello, describi\u00f3 a su hom\u00f3logo como \u00abantisucrista\u00bb (contrario a Antonio Jos\u00e9 de Sucre), y procolonialista. \u00abSolamente le digo, rev\u00edsese, que el que &nbsp;&nbsp;con Venezuela, se\u00f1or Rodrigo Paz, se seca. Ya lo veremos\u00bb, sostuvo de manera firme<\/p>\n\n\n\n<p><strong>Alianza estrat\u00e9gica con Rusia<\/strong><\/p>\n\n\n\n<p>En otro punto de su intervenci\u00f3n, el presidente Maduro destac\u00f3 la profunda alianza con la Federaci\u00f3n Rusa, subrayando que la relaci\u00f3n va m\u00e1s all\u00e1 de la teor\u00eda y se enfoca en la acci\u00f3n, con miras al desarrollo y la paz de ambas naciones.<\/p>\n\n\n\n<p>En tal sentido, anunci\u00f3 que este martes 28 de octubre se realizar\u00e1 un encuentro empresarial para el d\u00eda siguiente con cientos de empresarios de industrias rusas muy desarrolladas junto a otros venezolanos.<\/p>\n\n\n\n<p><strong>Reunificaci\u00f3n con Colombia<\/strong><\/p>\n\n\n\n<p>El jefe de Estado tambi\u00e9n hizo un llamado a la unificaci\u00f3n de los pueblos, reviviendo el concepto de la Gran Colombia.<\/p>\n\n\n\n<p>\u00abEl d\u00eda que Colombia y Venezuela nos reunifiquemos en una sola confederaci\u00f3n o uni\u00f3n de rep\u00fablicas y tengamos unidos a los pueblos, tengamos unidas las fuerzas militares y tengamos unidos en el ideal de Bol\u00edvar, nuestro destino, seremos invencibles y lograremos la uni\u00f3n de Am\u00e9rica Latina y del Caribe,\u00bb expres\u00f3.<\/p>\n\n\n\n<p><strong>Prensa Presidencial \/ Iliana Rosales<\/strong><\/p>\n","protected":false},"excerpt":{"rendered":"<p>Cuartel San Carlos, Caracas.- El presidente de la Rep\u00fablica Bolivariana de Venezuela, Nicol\u00e1s Maduro, durante el programa Con Maduro+, edici\u00f3n n\u00famero 95, se\u00f1al\u00f3 que la suspensi\u00f3n del nuevo gobierno de Bolivia, encabezado por Rodrigo Paz, de la Alianza Bolivariana para los Pueblos de Nuestra Am\u00e9rica (ALBA), est\u00e1 justificada en sus acciones anti bolivarianas y proimperialistas. [&hellip;]<\/p>\n","protected":false},"author":1,"featured_media":24866,"comment_status":"open","ping_status":"open","sticky":false,"template":"","format":"standard","meta":{"footnotes":""},"categories":[18,7],"tags":[],"class_list":["post-24865","post","type-post","status-publish","format-standard","has-post-thumbnail","hentry","category-noticias-principales","category-notas-de-prensa"],"_links":{"self":[{"href":"https:\/\/prensapresidencialvenezuela.gob.ve\/index.php\/wp-json\/wp\/v2\/posts\/24865","targetHints":{"allow":["GET"]}}],"collection":[{"href":"https:\/\/prensapresidencialvenezuela.gob.ve\/index.php\/wp-json\/wp\/v2\/posts"}],"about":[{"href":"https:\/\/prensapresidencialvenezuela.gob.ve\/index.php\/wp-json\/wp\/v2\/types\/post"}],"author":[{"embeddable":true,"href":"https:\/\/prensapresidencialvenezuela.gob.ve\/index.php\/wp-json\/wp\/v2\/users\/1"}],"replies":[{"embeddable":true,"href":"https:\/\/prensapresidencialvenezuela.gob.ve\/index.php\/wp-json\/wp\/v2\/comments?post=24865"}],"version-history":[{"count":1,"href":"https:\/\/prensapresidencialvenezuela.gob.ve\/index.php\/wp-json\/wp\/v2\/posts\/24865\/revisions"}],"predecessor-version":[{"id":24868,"href":"https:\/\/prensapresidencialvenezuela.gob.ve\/index.php\/wp-json\/wp\/v2\/posts\/24865\/revisions\/24868"}],"wp:featuredmedia":[{"embeddable":true,"href":"https:\/\/prensapresidencialvenezuela.gob.ve\/index.php\/wp-json\/wp\/v2\/media\/24866"}],"wp:attachment":[{"href":"https:\/\/prensapresidencialvenezuela.gob.ve\/index.php\/wp-json\/wp\/v2\/media?parent=24865"}],"wp:term":[{"taxonomy":"category","embeddable":true,"href":"https:\/\/prensapresidencialvenezuela.gob.ve\/index.php\/wp-json\/wp\/v2\/categories?post=24865"},{"taxonomy":"post_tag","embeddable":true,"href":"https:\/\/prensapresidencialvenezuela.gob.ve\/index.php\/wp-json\/wp\/v2\/tags?post=24865"}],"curies":[{"name":"wp","href":"https:\/\/api.w.org\/{rel}","templated":true}]}}