{"id":24869,"date":"2025-10-27T21:18:35","date_gmt":"2025-10-28T01:18:35","guid":{"rendered":"https:\/\/prensapresidencialvenezuela.gob.ve\/?p=24869"},"modified":"2025-10-27T21:18:36","modified_gmt":"2025-10-28T01:18:36","slug":"presidente-san-jose-gregorio-hernandez-me-salvo-la-vida-cuando-tenia-un-ano","status":"publish","type":"post","link":"https:\/\/prensapresidencialvenezuela.gob.ve\/index.php\/2025\/10\/27\/presidente-san-jose-gregorio-hernandez-me-salvo-la-vida-cuando-tenia-un-ano\/","title":{"rendered":"Presidente: \u00abSan Jos\u00e9 Gregorio Hern\u00e1ndez me salv\u00f3 la vida cuando ten\u00eda un a\u00f1o\u00bb"},"content":{"rendered":"\n<p><strong>Cuartel San Carlos, Caracas. \u2013 <\/strong>Este lunes, durante su programa N.\u00ba 95 de \u00abCon Maduro +\u00bb, el presidente de la Rep\u00fablica Bolivariana de Venezuela, Nicol\u00e1s Maduro Moros, manifest\u00f3 con profunda fe y sentir, que cuando solo ten\u00eda un a\u00f1o de edad, el \u00abSanto de los pobres\u00bb, Jos\u00e9 Gregorio Hern\u00e1ndez, salv\u00f3 su vida, ya que a su temprana edad se trancaba con el asma y llegaba un momento en el que \u00abse pon\u00eda morado\u00bb, pero sus manos milagrosas y oraciones de su madre, lo sanaron.<\/p>\n\n\n\n<p>Al respecto, el Mandatario record\u00f3 que su mam\u00e1 le dec\u00eda que cuando le faltaba la respiraci\u00f3n, por el asma, \u00e9l \u00abvolteaba los ojos para arriba y parec\u00eda que pasaba para el otro lado, pero hasta que Jos\u00e9 Gregorio puso su mano y mira, aqu\u00ed estoy\u00bb.<\/p>\n\n\n\n<p>Con relaci\u00f3n a la fuente que se encuentra a los pies del Santo Jos\u00e9 Gregorio Hern\u00e1ndez, en la plaza La Candelaria, se\u00f1al\u00f3 que de las personas que recogen agua bendita de all\u00ed, se ha enterado que algunas de ellas han sanado, lo que refleja el poder de Jos\u00e9 Gregorio Hern\u00e1ndez y la fe.<\/p>\n\n\n\n<p>En este sentido, celebr\u00f3 con fervor religioso la misa que se efectu\u00f3 este domingo 26 de octubre, en la Iglesia Nuestra de la Candelaria, donde el Monse\u00f1or Ra\u00fal Biord, manifest\u00f3 \u00abseamos santos\u00bb, y ahora el Presidente agreg\u00f3 \u00abseamos sabios y seamos patriotas\u00bb, para destacar el rol tan importante de la fe de los venezolanos y su amor por la Patria.<\/p>\n\n\n\n<p>Por este motivo, el Jefe de Estado ha aseverado que no comprende c\u00f3mo personas dentro de la iglesia cat\u00f3lica se hayan prestado para conspirar en contra de Jos\u00e9 Gregorio Hern\u00e1ndez, por tantos a\u00f1os; pero que a pesar de ello, muchas en el mundo, como en Colombia, Ecuador, Per\u00fa, Argentina, Chile, entre otros, mantienen su fe en el \u00abSanto de los pobres\u00bb.&nbsp;&nbsp;<\/p>\n\n\n\n<p><strong>Prensa Presidencial\/ Irmary D\u00edaz<\/strong><\/p>\n","protected":false},"excerpt":{"rendered":"<p>Cuartel San Carlos, Caracas. \u2013 Este lunes, durante su programa N.\u00ba 95 de \u00abCon Maduro +\u00bb, el presidente de la Rep\u00fablica Bolivariana de Venezuela, Nicol\u00e1s Maduro Moros, manifest\u00f3 con profunda fe y sentir, que cuando solo ten\u00eda un a\u00f1o de edad, el \u00abSanto de los pobres\u00bb, Jos\u00e9 Gregorio Hern\u00e1ndez, salv\u00f3 su vida, ya que a [&hellip;]<\/p>\n","protected":false},"author":1,"featured_media":24870,"comment_status":"open","ping_status":"open","sticky":false,"template":"","format":"standard","meta":{"footnotes":""},"categories":[18,7],"tags":[],"class_list":["post-24869","post","type-post","status-publish","format-standard","has-post-thumbnail","hentry","category-noticias-principales","category-notas-de-prensa"],"_links":{"self":[{"href":"https:\/\/prensapresidencialvenezuela.gob.ve\/index.php\/wp-json\/wp\/v2\/posts\/24869","targetHints":{"allow":["GET"]}}],"collection":[{"href":"https:\/\/prensapresidencialvenezuela.gob.ve\/index.php\/wp-json\/wp\/v2\/posts"}],"about":[{"href":"https:\/\/prensapresidencialvenezuela.gob.ve\/index.php\/wp-json\/wp\/v2\/types\/post"}],"author":[{"embeddable":true,"href":"https:\/\/prensapresidencialvenezuela.gob.ve\/index.php\/wp-json\/wp\/v2\/users\/1"}],"replies":[{"embeddable":true,"href":"https:\/\/prensapresidencialvenezuela.gob.ve\/index.php\/wp-json\/wp\/v2\/comments?post=24869"}],"version-history":[{"count":1,"href":"https:\/\/prensapresidencialvenezuela.gob.ve\/index.php\/wp-json\/wp\/v2\/posts\/24869\/revisions"}],"predecessor-version":[{"id":24871,"href":"https:\/\/prensapresidencialvenezuela.gob.ve\/index.php\/wp-json\/wp\/v2\/posts\/24869\/revisions\/24871"}],"wp:featuredmedia":[{"embeddable":true,"href":"https:\/\/prensapresidencialvenezuela.gob.ve\/index.php\/wp-json\/wp\/v2\/media\/24870"}],"wp:attachment":[{"href":"https:\/\/prensapresidencialvenezuela.gob.ve\/index.php\/wp-json\/wp\/v2\/media?parent=24869"}],"wp:term":[{"taxonomy":"category","embeddable":true,"href":"https:\/\/prensapresidencialvenezuela.gob.ve\/index.php\/wp-json\/wp\/v2\/categories?post=24869"},{"taxonomy":"post_tag","embeddable":true,"href":"https:\/\/prensapresidencialvenezuela.gob.ve\/index.php\/wp-json\/wp\/v2\/tags?post=24869"}],"curies":[{"name":"wp","href":"https:\/\/api.w.org\/{rel}","templated":true}]}}