{"id":24872,"date":"2025-10-27T21:20:40","date_gmt":"2025-10-28T01:20:40","guid":{"rendered":"https:\/\/prensapresidencialvenezuela.gob.ve\/?p=24872"},"modified":"2025-10-27T21:20:41","modified_gmt":"2025-10-28T01:20:41","slug":"exposicion-venezuela-si-vienes-lo-entiendes-combatira-la-mayor-agresion-mediatica-internacional-que-ha-tenido-el-pais","status":"publish","type":"post","link":"https:\/\/prensapresidencialvenezuela.gob.ve\/index.php\/2025\/10\/27\/exposicion-venezuela-si-vienes-lo-entiendes-combatira-la-mayor-agresion-mediatica-internacional-que-ha-tenido-el-pais\/","title":{"rendered":"Exposici\u00f3n \u00abVenezuela, si vienes lo entiendes\u00bb combatir\u00e1 la mayor agresi\u00f3n medi\u00e1tica internacional que ha tenido el pa\u00eds"},"content":{"rendered":"\n<p><strong>Cuartel San Carlos, Caracas.-<\/strong> Con la intenci\u00f3n de desmontar las campa\u00f1as medi\u00e1ticas que medios internacionales han orquestado en contra de Venezuela, este lunes la presidenta de Marca Pa\u00eds Venezuela, Daniella Cabello, junto al presidente Nicol\u00e1s Maduro Moros, present\u00f3 la exposici\u00f3n \u00abVenezuela, si vienes lo entiendes\u00bb, para destacar las bondades del pa\u00eds que no son rese\u00f1adas en medios de comunicaci\u00f3n social; pero que s\u00ed son expresadas por extranjeros que han tenido la oportunidad de visitar a Venezuela.<\/p>\n\n\n\n<p>En un recorrido realizado por la nueva Casa de la Libertad y de la Cultura Al\u00ed Primera, tambi\u00e9n conocido como el Cuartel San Carlos, durante la transmisi\u00f3n de su programa <em>Con Maduro+<\/em> No. 95, el Mandatario nacional pudo conocer cada uno de los espacios que formar\u00e1n parte de esta exposici\u00f3n, que cuenta con informaci\u00f3n y degustaci\u00f3n de productos venezolanos que podr\u00e1n ser adquiridos por los visitantes.<\/p>\n\n\n\n<p>\u00abHan querido agredirnos, han querido robarnos nuestra identidad, han querido decir cualquier cantidad de barbaridades sobre Venezuela\u00bb, dijo el presidente Nicol\u00e1s Maduro en su paso por la expo.<\/p>\n\n\n\n<p>Por su parte, Daniella Cabello explic\u00f3 que \u00aben Marca Pa\u00eds trabajamos apasionados, Presidente, porque creemos en las capacidades que tenemos. Por eso quer\u00edamos mostrarles un poco de lo valioso y maravilloso que es Venezuela. Esto viene enmarcado en la campa\u00f1a de \u201cSi vienes, lo entiendes\u201d\u00bb, dijo la presidenta de Marca Pa\u00eds, como prop\u00f3sito para demostrar la verdad de Venezuela y de generar nuevas inversiones en el pa\u00eds.<\/p>\n\n\n\n<p>La demostraci\u00f3n tambi\u00e9n cuenta con la presentaci\u00f3n de bailes tradicionales venezolanos, que mostrar\u00e1n las ra\u00edces del pueblo venezolano, desde sus diferentes latitudes, en la que se pretende recobrar la venezolanidad; as\u00ed como tambi\u00e9n han dispuesto espacios para ni\u00f1os y ni\u00f1as, en la que podr\u00e1n realizar actividades, evocadas por importantes artistas pl\u00e1sticos venezolanos.<\/p>\n\n\n\n<p>La exposici\u00f3n estar\u00e1 disponible desde este momento hasta los pr\u00f3ximos 10 d\u00edas, siendo realizada su inauguraci\u00f3n durante la transmisi\u00f3n del programa presidencial <em>Con Maduro+,<\/em> edici\u00f3n No. 95.<\/p>\n\n\n\n<p><strong>Prensa Presidencial\/ Claudia Guerra M\u00e9ndez<\/strong><\/p>\n","protected":false},"excerpt":{"rendered":"<p>Cuartel San Carlos, Caracas.- Con la intenci\u00f3n de desmontar las campa\u00f1as medi\u00e1ticas que medios internacionales han orquestado en contra de Venezuela, este lunes la presidenta de Marca Pa\u00eds Venezuela, Daniella Cabello, junto al presidente Nicol\u00e1s Maduro Moros, present\u00f3 la exposici\u00f3n \u00abVenezuela, si vienes lo entiendes\u00bb, para destacar las bondades del pa\u00eds que no son rese\u00f1adas [&hellip;]<\/p>\n","protected":false},"author":1,"featured_media":24873,"comment_status":"open","ping_status":"open","sticky":false,"template":"","format":"standard","meta":{"footnotes":""},"categories":[18,7],"tags":[],"class_list":["post-24872","post","type-post","status-publish","format-standard","has-post-thumbnail","hentry","category-noticias-principales","category-notas-de-prensa"],"_links":{"self":[{"href":"https:\/\/prensapresidencialvenezuela.gob.ve\/index.php\/wp-json\/wp\/v2\/posts\/24872","targetHints":{"allow":["GET"]}}],"collection":[{"href":"https:\/\/prensapresidencialvenezuela.gob.ve\/index.php\/wp-json\/wp\/v2\/posts"}],"about":[{"href":"https:\/\/prensapresidencialvenezuela.gob.ve\/index.php\/wp-json\/wp\/v2\/types\/post"}],"author":[{"embeddable":true,"href":"https:\/\/prensapresidencialvenezuela.gob.ve\/index.php\/wp-json\/wp\/v2\/users\/1"}],"replies":[{"embeddable":true,"href":"https:\/\/prensapresidencialvenezuela.gob.ve\/index.php\/wp-json\/wp\/v2\/comments?post=24872"}],"version-history":[{"count":1,"href":"https:\/\/prensapresidencialvenezuela.gob.ve\/index.php\/wp-json\/wp\/v2\/posts\/24872\/revisions"}],"predecessor-version":[{"id":24874,"href":"https:\/\/prensapresidencialvenezuela.gob.ve\/index.php\/wp-json\/wp\/v2\/posts\/24872\/revisions\/24874"}],"wp:featuredmedia":[{"embeddable":true,"href":"https:\/\/prensapresidencialvenezuela.gob.ve\/index.php\/wp-json\/wp\/v2\/media\/24873"}],"wp:attachment":[{"href":"https:\/\/prensapresidencialvenezuela.gob.ve\/index.php\/wp-json\/wp\/v2\/media?parent=24872"}],"wp:term":[{"taxonomy":"category","embeddable":true,"href":"https:\/\/prensapresidencialvenezuela.gob.ve\/index.php\/wp-json\/wp\/v2\/categories?post=24872"},{"taxonomy":"post_tag","embeddable":true,"href":"https:\/\/prensapresidencialvenezuela.gob.ve\/index.php\/wp-json\/wp\/v2\/tags?post=24872"}],"curies":[{"name":"wp","href":"https:\/\/api.w.org\/{rel}","templated":true}]}}