{"id":24875,"date":"2025-10-27T21:56:57","date_gmt":"2025-10-28T01:56:57","guid":{"rendered":"https:\/\/prensapresidencialvenezuela.gob.ve\/?p=24875"},"modified":"2025-10-27T21:56:57","modified_gmt":"2025-10-28T01:56:57","slug":"presidente-maduro-anuncio-nuevos-padrinos-y-madrinas-del-1x10-por-estados","status":"publish","type":"post","link":"https:\/\/prensapresidencialvenezuela.gob.ve\/index.php\/2025\/10\/27\/presidente-maduro-anuncio-nuevos-padrinos-y-madrinas-del-1x10-por-estados\/","title":{"rendered":"Presidente Maduro anunci\u00f3 nuevos padrinos y madrinas del 1X10 por estados"},"content":{"rendered":"\n<p><strong>Cuartel San Carlos, Caracas.-<\/strong> En el segmento \u00ab1X10\u00bb del programa \u00abCon Maduro+\u00bb, edici\u00f3n No.95, el presidente Nicol\u00e1s Maduro Moros anunci\u00f3 los nuevos padrinos y madrinas que deber\u00e1n atender cada una de las realidades y necesidades que el pueblo venezolano tenga por estado.<\/p>\n\n\n\n<p>Junto al vicepresidente sectorial de Obras P\u00fablicas y Servicios, Mayor General Jorge Elieser M\u00e1rquez; el ministro del Poder Popular para las Comunas, Movimientos Sociales y Agricultura Urbana, \u00c1ngel Prado; el ministro del Poder Popular de Atenci\u00f3n de las Aguas, Carlos Mast; el Jefe de Gobierno, Nah\u00fam Fern\u00e1ndez; y la alcaldesa de Caracas, Almiranta Carmen Mel\u00e9ndez, el Mandatario Nacional reiter\u00f3 que el 23 de noviembre habr\u00e1 la cuarta consulta popular, vecinal y comunal del a\u00f1o 2025 y es el momento de trabajar m\u00e1s de cerca con las comunidades, porque podr\u00e1n votar por dos proyectos por comunidad.<\/p>\n\n\n\n<p>Los padrinos y madrinas son los siguientes:<\/p>\n\n\n\n<p><strong>Zulia:<\/strong> Vicepresidente sectorial de Obras P\u00fablicas y Servicios; y ministro del Poder Popular de Energ\u00eda El\u00e9ctrica, Mayor General Jorge Marquez<\/p>\n\n\n\n<p><strong>Yaracuy:<\/strong> Ministra del Poder Popular para las Finanzas, Anabel Pereira<\/p>\n\n\n\n<p><strong>Trujillo:<\/strong> Ministro del Poder Popular para Juventud, Sergio Lotortaro<\/p>\n\n\n\n<p><strong>T\u00e1chira:<\/strong> &nbsp;Ministro del Poder Popular de Atenci\u00f3n de las Aguas, Carlos Mast<\/p>\n\n\n\n<p><strong>Portuguesa:<\/strong> Ministro del Poder Popular para H\u00e1bitat y Vivienda, General Ra\u00fal Paredes<\/p>\n\n\n\n<p><strong>Sucre:<\/strong> Ministra del Poder Popular para la Mujer y la Igualdad de G\u00e9nero, Yelitze Santaella<\/p>\n\n\n\n<p><strong>Nueva Esparta:<\/strong> Ministra del Poder Popular para el Turismo, Leticia G\u00f3mez<\/p>\n\n\n\n<p><strong>Monagas:<\/strong> Ministro del Poder Popular para la Alimentaci\u00f3n, Mayor General Carlos Leal Teller\u00eda<\/p>\n\n\n\n<p><strong>Miranda:<\/strong> Vicepresidenta sectorial de Ciencia, Tecnolog\u00eda, Educaci\u00f3n y Salud; y ministra del Poder Popular para la para Ciencia y Tecnolog\u00eda, Gabriela Jim\u00e9nez<\/p>\n\n\n\n<p><strong>M\u00e9rida:<\/strong> Ministro del Poder Popular para el Deporte, Franklin Cardillo<\/p>\n\n\n\n<p><strong>Lara:<\/strong> Vicepresidenta Ejecutiva y ministra del Poder Popular para Hidrocarburos, Delcy Rodr\u00edguez<\/p>\n\n\n\n<p><strong>La Guaira:<\/strong> Ministro del Poder Popular para las Relaciones Exteriores, Iv\u00e1n Gil<\/p>\n\n\n\n<p><strong>Guayana Esequiba: <\/strong>Ministro del Poder Popular de Desarrollo Minero Ecol\u00f3gico y presidente de la CVG, H\u00e9ctor Silva.<\/p>\n\n\n\n<p><strong>Gu\u00e1rico:<\/strong> Ministro del Poder Popular para Planificaci\u00f3n, Ricardo Men\u00e9ndez<\/p>\n\n\n\n<p><strong>Falc\u00f3n:<\/strong> Ministro del Poder Popular de Pesca y Acuicultura, Juan Carlos Loyo<\/p>\n\n\n\n<p><strong>Delta Amacuro:<\/strong> &nbsp;Ministro del Poder Popular de Desarrollo Minero Ecol\u00f3gico y presidente de la CVG, H\u00e9ctor Silva.<\/p>\n\n\n\n<p><strong>Cojedes:<\/strong> Ministro del Poder Popular de Educaci\u00f3n Universitaria, Ricardo S\u00e1nchez<\/p>\n\n\n\n<p><strong>Caracas:<\/strong> Vicepresidente sectorial de Obras P\u00fablicas y Servicios; y ministro del Poder Popular de Energ\u00eda El\u00e9ctrica, Mayor General Jorge Marquez<\/p>\n\n\n\n<p><strong>Barinas:<\/strong> Ministro del Poder Popular para Comunas, Movimientos Sociales y Agricultura Urbana, \u00c1ngel Prado<\/p>\n\n\n\n<p><strong>Apure:<\/strong> Ministro del Poder Popular para Comercio Nacional, Luis Villegas<\/p>\n\n\n\n<p><strong>Anzo\u00e1tegui:<\/strong> Ministro del Poder Popular para la Agricultura Productiva y Tierras, Julio C\u00e9sar Le\u00f3n Heredia<\/p>\n\n\n\n<p><strong>Carabobo:<\/strong> Ministro del Poder Popular para la Industria y Producci\u00f3n Nacional, Alex Saab<\/p>\n\n\n\n<p><strong>Bol\u00edvar:<\/strong> Vicepresidenta Ejecutiva y ministra del Poder Popular para Hidrocarburos, Delcy Rodr\u00edguez<\/p>\n\n\n\n<p><strong>Aragua:<\/strong> Vicepresidente Sectorial de Soberan\u00eda, Seguridad y Paz; y ministro del Poder Popular para la Defensa, General en Jefe Vladimir Padrino L\u00f3pez<\/p>\n\n\n\n<p><strong>Amazonas:<\/strong> Ministra del Poder Popular para los Pueblos Ind\u00edgenas, Clara Vidal<\/p>\n\n\n\n<p><strong>Prensa Presidencial\/Claudia Guerra M\u00e9ndez<\/strong><\/p>\n","protected":false},"excerpt":{"rendered":"<p>Cuartel San Carlos, Caracas.- En el segmento \u00ab1X10\u00bb del programa \u00abCon Maduro+\u00bb, edici\u00f3n No.95, el presidente Nicol\u00e1s Maduro Moros anunci\u00f3 los nuevos padrinos y madrinas que deber\u00e1n atender cada una de las realidades y necesidades que el pueblo venezolano tenga por estado. Junto al vicepresidente sectorial de Obras P\u00fablicas y Servicios, Mayor General Jorge Elieser [&hellip;]<\/p>\n","protected":false},"author":1,"featured_media":24876,"comment_status":"open","ping_status":"open","sticky":false,"template":"","format":"standard","meta":{"footnotes":""},"categories":[18,7],"tags":[],"class_list":["post-24875","post","type-post","status-publish","format-standard","has-post-thumbnail","hentry","category-noticias-principales","category-notas-de-prensa"],"_links":{"self":[{"href":"https:\/\/prensapresidencialvenezuela.gob.ve\/index.php\/wp-json\/wp\/v2\/posts\/24875","targetHints":{"allow":["GET"]}}],"collection":[{"href":"https:\/\/prensapresidencialvenezuela.gob.ve\/index.php\/wp-json\/wp\/v2\/posts"}],"about":[{"href":"https:\/\/prensapresidencialvenezuela.gob.ve\/index.php\/wp-json\/wp\/v2\/types\/post"}],"author":[{"embeddable":true,"href":"https:\/\/prensapresidencialvenezuela.gob.ve\/index.php\/wp-json\/wp\/v2\/users\/1"}],"replies":[{"embeddable":true,"href":"https:\/\/prensapresidencialvenezuela.gob.ve\/index.php\/wp-json\/wp\/v2\/comments?post=24875"}],"version-history":[{"count":1,"href":"https:\/\/prensapresidencialvenezuela.gob.ve\/index.php\/wp-json\/wp\/v2\/posts\/24875\/revisions"}],"predecessor-version":[{"id":24877,"href":"https:\/\/prensapresidencialvenezuela.gob.ve\/index.php\/wp-json\/wp\/v2\/posts\/24875\/revisions\/24877"}],"wp:featuredmedia":[{"embeddable":true,"href":"https:\/\/prensapresidencialvenezuela.gob.ve\/index.php\/wp-json\/wp\/v2\/media\/24876"}],"wp:attachment":[{"href":"https:\/\/prensapresidencialvenezuela.gob.ve\/index.php\/wp-json\/wp\/v2\/media?parent=24875"}],"wp:term":[{"taxonomy":"category","embeddable":true,"href":"https:\/\/prensapresidencialvenezuela.gob.ve\/index.php\/wp-json\/wp\/v2\/categories?post=24875"},{"taxonomy":"post_tag","embeddable":true,"href":"https:\/\/prensapresidencialvenezuela.gob.ve\/index.php\/wp-json\/wp\/v2\/tags?post=24875"}],"curies":[{"name":"wp","href":"https:\/\/api.w.org\/{rel}","templated":true}]}}