{"id":24879,"date":"2025-10-29T17:47:45","date_gmt":"2025-10-29T21:47:45","guid":{"rendered":"https:\/\/prensapresidencialvenezuela.gob.ve\/?p=24879"},"modified":"2025-10-29T17:47:46","modified_gmt":"2025-10-29T21:47:46","slug":"comuna-de-cara-al-rio-sueno-hecho-realidad-fruto-del-esfuerzo-y-trabajo-colectivo","status":"publish","type":"post","link":"https:\/\/prensapresidencialvenezuela.gob.ve\/index.php\/2025\/10\/29\/comuna-de-cara-al-rio-sueno-hecho-realidad-fruto-del-esfuerzo-y-trabajo-colectivo\/","title":{"rendered":"Comuna \u00abDe Cara al R\u00edo\u00bb: Sue\u00f1o hecho realidad fruto del esfuerzo y trabajo colectivo"},"content":{"rendered":"\n<p><strong>Petare, Miranda. \u2013<\/strong><strong> <\/strong>El<strong> <\/strong>presidente de la Rep\u00fablica Bolivariana de Venezuela, Nicol\u00e1s Maduro Moros, realiz\u00f3 una visita a la Comuna \u00abDe Cara al R\u00edo\u00bb, en el sector Brisas de Petare, con la finalidad de mostrar los avances y logros alcanzados por el Poder Popular en materia de autogobierno y desarrollo productivo.<\/p>\n\n\n\n<p>Desde este emblem\u00e1tico sector del estado Miranda, el Jefe de Estado realiz\u00f3 un recorrido por las \u00e1reas de emprendimiento y espacios recuperados de la Comuna \u00abDe Cara al <strong>R\u00edo<\/strong>\u00bb, el parque infantil, ferreter\u00eda, Planta Potabilizadora, Base de Misiones Socialistas \u00abDe Cara al Rio\u00bb, la Sala de Autogobierno Popular, as\u00ed como al Centro de Educaci\u00f3n Inicial Nacional Santiago Ap\u00f3stol, y la cancha deportiva \u00abOly Padr\u00f3n\u00bb, ya que con esta iniciativa se puede apreciar la transformaci\u00f3n del territorio, que ha sido fruto del esfuerzo sostenido y del trabajo colectivo entre el Gobierno Bolivariano y el Poder Comunal.<\/p>\n\n\n\n<p>En este sentido, es importante mencionar que la Comuna \u00abDe Cara al R\u00edo\u00bb est\u00e1 conformada por cinco (5) Consejos Comunales que est\u00e1n distribuidos de la siguiente manera: primera calle, segunda calle, tercera calle Sector la Cruz, Las Brisas y Cacique Tamanaco, y han formado parte de darle vida a la visi\u00f3n de Suprema Felicidad Social del pueblo, y la 2 Transformaci\u00f3n del Plan de las 7T, \u00abCiudad Humana para el Buen Vivir\u00bb.<\/p>\n\n\n\n<figure class=\"wp-block-gallery has-nested-images columns-default is-cropped wp-block-gallery-1 is-layout-flex wp-block-gallery-is-layout-flex\">\n<figure class=\"wp-block-image size-large\"><img fetchpriority=\"high\" decoding=\"async\" width=\"1024\" height=\"699\" data-id=\"24882\" src=\"https:\/\/prensapresidencialvenezuela.gob.ve\/wp-content\/uploads\/2025\/10\/06EG__8408_P-1024x699.jpg\" alt=\"\" class=\"wp-image-24882\" srcset=\"https:\/\/prensapresidencialvenezuela.gob.ve\/wp-content\/uploads\/2025\/10\/06EG__8408_P-1024x699.jpg 1024w, https:\/\/prensapresidencialvenezuela.gob.ve\/wp-content\/uploads\/2025\/10\/06EG__8408_P-300x205.jpg 300w, https:\/\/prensapresidencialvenezuela.gob.ve\/wp-content\/uploads\/2025\/10\/06EG__8408_P-768x525.jpg 768w, https:\/\/prensapresidencialvenezuela.gob.ve\/wp-content\/uploads\/2025\/10\/06EG__8408_P-1536x1049.jpg 1536w, https:\/\/prensapresidencialvenezuela.gob.ve\/wp-content\/uploads\/2025\/10\/06EG__8408_P-2048x1399.jpg 2048w\" sizes=\"(max-width: 1024px) 100vw, 1024px\" \/><\/figure>\n\n\n\n<figure class=\"wp-block-image size-large\"><img decoding=\"async\" width=\"1024\" height=\"655\" data-id=\"24881\" src=\"https:\/\/prensapresidencialvenezuela.gob.ve\/wp-content\/uploads\/2025\/10\/07EG__8415_P-1024x655.jpg\" alt=\"\" class=\"wp-image-24881\" srcset=\"https:\/\/prensapresidencialvenezuela.gob.ve\/wp-content\/uploads\/2025\/10\/07EG__8415_P-1024x655.jpg 1024w, https:\/\/prensapresidencialvenezuela.gob.ve\/wp-content\/uploads\/2025\/10\/07EG__8415_P-300x192.jpg 300w, https:\/\/prensapresidencialvenezuela.gob.ve\/wp-content\/uploads\/2025\/10\/07EG__8415_P-768x492.jpg 768w, https:\/\/prensapresidencialvenezuela.gob.ve\/wp-content\/uploads\/2025\/10\/07EG__8415_P-1536x983.jpg 1536w, https:\/\/prensapresidencialvenezuela.gob.ve\/wp-content\/uploads\/2025\/10\/07EG__8415_P-2048x1311.jpg 2048w\" sizes=\"(max-width: 1024px) 100vw, 1024px\" \/><\/figure>\n\n\n\n<figure class=\"wp-block-image size-large\"><img decoding=\"async\" width=\"879\" height=\"1024\" data-id=\"24883\" src=\"https:\/\/prensapresidencialvenezuela.gob.ve\/wp-content\/uploads\/2025\/10\/24EG__8578_P-879x1024.jpg\" alt=\"\" class=\"wp-image-24883\" srcset=\"https:\/\/prensapresidencialvenezuela.gob.ve\/wp-content\/uploads\/2025\/10\/24EG__8578_P-879x1024.jpg 879w, https:\/\/prensapresidencialvenezuela.gob.ve\/wp-content\/uploads\/2025\/10\/24EG__8578_P-258x300.jpg 258w, https:\/\/prensapresidencialvenezuela.gob.ve\/wp-content\/uploads\/2025\/10\/24EG__8578_P-768x895.jpg 768w, https:\/\/prensapresidencialvenezuela.gob.ve\/wp-content\/uploads\/2025\/10\/24EG__8578_P-1319x1536.jpg 1319w, https:\/\/prensapresidencialvenezuela.gob.ve\/wp-content\/uploads\/2025\/10\/24EG__8578_P.jpg 1717w\" sizes=\"(max-width: 879px) 100vw, 879px\" \/><\/figure>\n<\/figure>\n\n\n\n<p>Vale acotar, que el Mandatario nacional ha reiterado en ocasiones que las Comunas constituyen el epicentro para edificar una nueva Rep\u00fablica, es decir, la construcci\u00f3n de una sociedad donde cada ciudadano y ciudadana del pa\u00eds, tiene voz, voto y verdadero poder en el territorio.<\/p>\n\n\n\n<p>Por tanto, es relevante destacar que este proyecto se realiz\u00f3 luego de haber sido electo en la segunda consulta del a\u00f1o 2024 y mediante el Plan Antonio Jos\u00e9 de Sucre, que tiene como objetivo llevar alegr\u00eda y aprendizaje a todos los rincones de Petare, democratizando el acceso a las artes, \u00e1reas de esparcimiento y fomentando la creatividad como un motor de transformaci\u00f3n social.<\/p>\n\n\n\n<p>Esta Comuna \u00abDe Cara al R\u00edo\u00bb, demuestra hoy, que, en Venezuela, la Comuna est\u00e1 consolid\u00e1ndose al igual que el poder de la democracia directa, el poder de liderazgo leg\u00edtimo desde las bases, el debate de ideas, as\u00ed como la ejecuci\u00f3n y construcci\u00f3n de los proyectos que son elegidos por el pueblo, con el compromiso de la comunidad para el impulso del socialismo productivo.<\/p>\n\n\n\n<p><strong>Prensa Presidencial\/ Irmary D\u00edaz<\/strong><\/p>\n","protected":false},"excerpt":{"rendered":"<p>Petare, Miranda. \u2013 El presidente de la Rep\u00fablica Bolivariana de Venezuela, Nicol\u00e1s Maduro Moros, realiz\u00f3 una visita a la Comuna \u00abDe Cara al R\u00edo\u00bb, en el sector Brisas de Petare, con la finalidad de mostrar los avances y logros alcanzados por el Poder Popular en materia de autogobierno y desarrollo productivo. Desde este emblem\u00e1tico sector [&hellip;]<\/p>\n","protected":false},"author":1,"featured_media":24880,"comment_status":"open","ping_status":"open","sticky":false,"template":"","format":"standard","meta":{"footnotes":""},"categories":[18,7],"tags":[],"class_list":["post-24879","post","type-post","status-publish","format-standard","has-post-thumbnail","hentry","category-noticias-principales","category-notas-de-prensa"],"_links":{"self":[{"href":"https:\/\/prensapresidencialvenezuela.gob.ve\/index.php\/wp-json\/wp\/v2\/posts\/24879","targetHints":{"allow":["GET"]}}],"collection":[{"href":"https:\/\/prensapresidencialvenezuela.gob.ve\/index.php\/wp-json\/wp\/v2\/posts"}],"about":[{"href":"https:\/\/prensapresidencialvenezuela.gob.ve\/index.php\/wp-json\/wp\/v2\/types\/post"}],"author":[{"embeddable":true,"href":"https:\/\/prensapresidencialvenezuela.gob.ve\/index.php\/wp-json\/wp\/v2\/users\/1"}],"replies":[{"embeddable":true,"href":"https:\/\/prensapresidencialvenezuela.gob.ve\/index.php\/wp-json\/wp\/v2\/comments?post=24879"}],"version-history":[{"count":1,"href":"https:\/\/prensapresidencialvenezuela.gob.ve\/index.php\/wp-json\/wp\/v2\/posts\/24879\/revisions"}],"predecessor-version":[{"id":24884,"href":"https:\/\/prensapresidencialvenezuela.gob.ve\/index.php\/wp-json\/wp\/v2\/posts\/24879\/revisions\/24884"}],"wp:featuredmedia":[{"embeddable":true,"href":"https:\/\/prensapresidencialvenezuela.gob.ve\/index.php\/wp-json\/wp\/v2\/media\/24880"}],"wp:attachment":[{"href":"https:\/\/prensapresidencialvenezuela.gob.ve\/index.php\/wp-json\/wp\/v2\/media?parent=24879"}],"wp:term":[{"taxonomy":"category","embeddable":true,"href":"https:\/\/prensapresidencialvenezuela.gob.ve\/index.php\/wp-json\/wp\/v2\/categories?post=24879"},{"taxonomy":"post_tag","embeddable":true,"href":"https:\/\/prensapresidencialvenezuela.gob.ve\/index.php\/wp-json\/wp\/v2\/tags?post=24879"}],"curies":[{"name":"wp","href":"https:\/\/api.w.org\/{rel}","templated":true}]}}