{"id":24885,"date":"2025-10-29T17:55:27","date_gmt":"2025-10-29T21:55:27","guid":{"rendered":"https:\/\/prensapresidencialvenezuela.gob.ve\/?p=24885"},"modified":"2025-10-29T17:56:44","modified_gmt":"2025-10-29T21:56:44","slug":"presidente-maduro-la-revolucion-bolivariana-es-invencible-porque-construye-el-poder-popular","status":"publish","type":"post","link":"https:\/\/prensapresidencialvenezuela.gob.ve\/index.php\/2025\/10\/29\/presidente-maduro-la-revolucion-bolivariana-es-invencible-porque-construye-el-poder-popular\/","title":{"rendered":"Presidente Maduro: \u00abLa Revoluci\u00f3n Bolivariana es invencible porque construye el Poder Popular\u00bb"},"content":{"rendered":"\n<p><strong>Petare, Miranda-<\/strong> El presidente de la Rep\u00fablica Bolivariana de Venezuela, Nicol\u00e1s Maduro, afirm\u00f3 este mi\u00e9rcoles que la Revoluci\u00f3n Bolivariana no se limita a tomar el poder, sino a la construcci\u00f3n de uno nuevo que reside en el pueblo, a los fines de consolidar una democracia verdadera y para hacer invencible a la Revoluci\u00f3n.<\/p>\n\n\n\n<p>Durante un recorrido que realiz\u00f3 por la Comuna de Cara al R\u00edo, en el sector Brisas de Petare, estado Miranda, donde conoci\u00f3 de cerca las obras y proyectos impulsados y ejecutados por la propia comunidad, en el marco de las recientes Consulta Popular, el Mandatario nacional destac\u00f3 que la visi\u00f3n de la Revoluci\u00f3n Bolivariana, inspirada por el comandante Hugo Ch\u00e1vez, trasciende la tradicional administraci\u00f3n del Estado.<\/p>\n\n\n\n<p>\u00abEl comandante lleg\u00f3, nuestro comandante Eterno Hugo Ch\u00e1vez y la Revoluci\u00f3n Bolivariana, no solo a tomar el poder, a entregarle el poder, \u00bfa qui\u00e9n?, al pueblo. Y no solo entregarle el poder, sino construir un nuevo poder, el poder popular, el poder del pueblo\u00bb, enfatiz\u00f3.<\/p>\n\n\n\n<p>El jefe de Estado insisti\u00f3 en que para lograr una \u00abdemocracia verdadera\u00bb, la autoridad debe recaer en \u00abla gente de a pie, la gente de la comunidad, en el territorio\u00bb. Algo que se evidenci\u00f3 en cada uno de los proyectos que supervis\u00f3 este jueves en Petare y que dan cuenta de la importancia de la gesti\u00f3n local popular.<\/p>\n\n\n\n<figure class=\"wp-block-gallery has-nested-images columns-default is-cropped wp-block-gallery-1 is-layout-flex wp-block-gallery-is-layout-flex\">\n<figure class=\"wp-block-image size-large\"><img fetchpriority=\"high\" decoding=\"async\" width=\"902\" height=\"1024\" data-id=\"24889\" src=\"https:\/\/prensapresidencialvenezuela.gob.ve\/wp-content\/uploads\/2025\/10\/14EG__8722_P-902x1024.jpg\" alt=\"\" class=\"wp-image-24889\" srcset=\"https:\/\/prensapresidencialvenezuela.gob.ve\/wp-content\/uploads\/2025\/10\/14EG__8722_P-902x1024.jpg 902w, https:\/\/prensapresidencialvenezuela.gob.ve\/wp-content\/uploads\/2025\/10\/14EG__8722_P-264x300.jpg 264w, https:\/\/prensapresidencialvenezuela.gob.ve\/wp-content\/uploads\/2025\/10\/14EG__8722_P-768x872.jpg 768w, https:\/\/prensapresidencialvenezuela.gob.ve\/wp-content\/uploads\/2025\/10\/14EG__8722_P-1353x1536.jpg 1353w, https:\/\/prensapresidencialvenezuela.gob.ve\/wp-content\/uploads\/2025\/10\/14EG__8722_P.jpg 1762w\" sizes=\"(max-width: 902px) 100vw, 902px\" \/><\/figure>\n\n\n\n<figure class=\"wp-block-image size-large\"><img decoding=\"async\" width=\"810\" height=\"1024\" data-id=\"24888\" src=\"https:\/\/prensapresidencialvenezuela.gob.ve\/wp-content\/uploads\/2025\/10\/15EG__8495_P-810x1024.jpg\" alt=\"\" class=\"wp-image-24888\" srcset=\"https:\/\/prensapresidencialvenezuela.gob.ve\/wp-content\/uploads\/2025\/10\/15EG__8495_P-810x1024.jpg 810w, https:\/\/prensapresidencialvenezuela.gob.ve\/wp-content\/uploads\/2025\/10\/15EG__8495_P-237x300.jpg 237w, https:\/\/prensapresidencialvenezuela.gob.ve\/wp-content\/uploads\/2025\/10\/15EG__8495_P-768x970.jpg 768w, https:\/\/prensapresidencialvenezuela.gob.ve\/wp-content\/uploads\/2025\/10\/15EG__8495_P-1216x1536.jpg 1216w, https:\/\/prensapresidencialvenezuela.gob.ve\/wp-content\/uploads\/2025\/10\/15EG__8495_P.jpg 1583w\" sizes=\"(max-width: 810px) 100vw, 810px\" \/><\/figure>\n\n\n\n<figure class=\"wp-block-image size-large\"><img decoding=\"async\" width=\"1024\" height=\"716\" data-id=\"24890\" src=\"https:\/\/prensapresidencialvenezuela.gob.ve\/wp-content\/uploads\/2025\/10\/16EG__8502_P-1024x716.jpg\" alt=\"\" class=\"wp-image-24890\" srcset=\"https:\/\/prensapresidencialvenezuela.gob.ve\/wp-content\/uploads\/2025\/10\/16EG__8502_P-1024x716.jpg 1024w, https:\/\/prensapresidencialvenezuela.gob.ve\/wp-content\/uploads\/2025\/10\/16EG__8502_P-300x210.jpg 300w, https:\/\/prensapresidencialvenezuela.gob.ve\/wp-content\/uploads\/2025\/10\/16EG__8502_P-768x537.jpg 768w, https:\/\/prensapresidencialvenezuela.gob.ve\/wp-content\/uploads\/2025\/10\/16EG__8502_P-1536x1073.jpg 1536w, https:\/\/prensapresidencialvenezuela.gob.ve\/wp-content\/uploads\/2025\/10\/16EG__8502_P-2048x1431.jpg 2048w\" sizes=\"(max-width: 1024px) 100vw, 1024px\" \/><\/figure>\n<\/figure>\n\n\n\n<p>\u00ab\u00bfY qu\u00e9 hemos demostrado nosotros en estos a\u00f1os? Que es posible otro poder. Por eso la Revoluci\u00f3n Bolivariana es invencible e indestructible, porque tiene pueblo empoderado\u00bb, dijo.<\/p>\n\n\n\n<p>En la Comuna de Cara al R\u00edo, a la cual lleg\u00f3 acompa\u00f1ado por gran parte de su tren ejecutivo, el Mandatario nacional recorri\u00f3 obras como la restauraci\u00f3n del CEIN Santiago Ap\u00f3stol, una planta potabilizadora comunal, una ferreter\u00eda comunal, una sala de odontolog\u00eda, una sala de sublimaci\u00f3n, una cancha deportiva, un parque, una Base de Misiones Socialistas, entre otros.<\/p>\n\n\n\n<p><strong>Prensa Presidencial \/ Iliana Rosales<\/strong><\/p>\n","protected":false},"excerpt":{"rendered":"<p>Petare, Miranda- El presidente de la Rep\u00fablica Bolivariana de Venezuela, Nicol\u00e1s Maduro, afirm\u00f3 este mi\u00e9rcoles que la Revoluci\u00f3n Bolivariana no se limita a tomar el poder, sino a la construcci\u00f3n de uno nuevo que reside en el pueblo, a los fines de consolidar una democracia verdadera y para hacer invencible a la Revoluci\u00f3n. Durante un [&hellip;]<\/p>\n","protected":false},"author":1,"featured_media":24892,"comment_status":"open","ping_status":"open","sticky":false,"template":"","format":"standard","meta":{"footnotes":""},"categories":[18,7,1],"tags":[],"class_list":["post-24885","post","type-post","status-publish","format-standard","has-post-thumbnail","hentry","category-noticias-principales","category-notas-de-prensa","category-sin-categoria"],"_links":{"self":[{"href":"https:\/\/prensapresidencialvenezuela.gob.ve\/index.php\/wp-json\/wp\/v2\/posts\/24885","targetHints":{"allow":["GET"]}}],"collection":[{"href":"https:\/\/prensapresidencialvenezuela.gob.ve\/index.php\/wp-json\/wp\/v2\/posts"}],"about":[{"href":"https:\/\/prensapresidencialvenezuela.gob.ve\/index.php\/wp-json\/wp\/v2\/types\/post"}],"author":[{"embeddable":true,"href":"https:\/\/prensapresidencialvenezuela.gob.ve\/index.php\/wp-json\/wp\/v2\/users\/1"}],"replies":[{"embeddable":true,"href":"https:\/\/prensapresidencialvenezuela.gob.ve\/index.php\/wp-json\/wp\/v2\/comments?post=24885"}],"version-history":[{"count":2,"href":"https:\/\/prensapresidencialvenezuela.gob.ve\/index.php\/wp-json\/wp\/v2\/posts\/24885\/revisions"}],"predecessor-version":[{"id":24891,"href":"https:\/\/prensapresidencialvenezuela.gob.ve\/index.php\/wp-json\/wp\/v2\/posts\/24885\/revisions\/24891"}],"wp:featuredmedia":[{"embeddable":true,"href":"https:\/\/prensapresidencialvenezuela.gob.ve\/index.php\/wp-json\/wp\/v2\/media\/24892"}],"wp:attachment":[{"href":"https:\/\/prensapresidencialvenezuela.gob.ve\/index.php\/wp-json\/wp\/v2\/media?parent=24885"}],"wp:term":[{"taxonomy":"category","embeddable":true,"href":"https:\/\/prensapresidencialvenezuela.gob.ve\/index.php\/wp-json\/wp\/v2\/categories?post=24885"},{"taxonomy":"post_tag","embeddable":true,"href":"https:\/\/prensapresidencialvenezuela.gob.ve\/index.php\/wp-json\/wp\/v2\/tags?post=24885"}],"curies":[{"name":"wp","href":"https:\/\/api.w.org\/{rel}","templated":true}]}}