{"id":2489,"date":"2022-02-01T15:04:00","date_gmt":"2022-02-01T15:04:00","guid":{"rendered":"http:\/\/172.27.0.121\/?p=2489"},"modified":"2022-07-13T17:35:27","modified_gmt":"2022-07-13T17:35:27","slug":"ezequiel-zamora-el-hombre-de-la-igualdad-y-la-justicia-social","status":"publish","type":"post","link":"https:\/\/prensapresidencialvenezuela.gob.ve\/index.php\/2022\/02\/01\/ezequiel-zamora-el-hombre-de-la-igualdad-y-la-justicia-social\/","title":{"rendered":"Ezequiel Zamora, el hombre de la igualdad y la justicia social"},"content":{"rendered":"\n<p><strong>Palacio de Miraflores, Caracas.-<\/strong>&nbsp;Se cumplen 205 a\u00f1os del nacimiento de Ezequiel Zamora, pol\u00edtico y militar venezolano, uno de los principales protagonistas de la Guerra Federal que venci\u00f3 al ej\u00e9rcito conservador en la Batalla de Santa In\u00e9s, impulsado por las ideas de igualdad y justicia para todos.<\/p>\n\n\n\n<p>Zamora naci\u00f3 en el a\u00f1o 1817 en C\u00faa, estado Miranda. Se uni\u00f3 al Partido Liberal en la d\u00e9cada de 1840.<\/p>\n\n\n\n<p>Decidi\u00f3 participar en las elecciones de 1846 junto a Antonio Leocadio Guzm\u00e1n, pero imposibilitado de votar y ante el boicot del Gobierno conservador, se alz\u00f3 en armas en los valles de Aragua el 07 de septiembre del mismo a\u00f1o.<\/p>\n\n\n\n<p>\u201cTierra y hombres libres\u201d fue el grito de lucha con el que el general Ezequiel Zamora emprendi\u00f3 la batalla por las reivindicaciones sociales del pueblo humilde. Coro, estado Falc\u00f3n, fue parte de los escenarios donde se inici\u00f3 la Guerra Federal, all\u00ed se confront\u00f3&nbsp; el ej\u00e9rcito de los conservadores, comandados por Jos\u00e9 Antonio P\u00e1ez&nbsp; y la tropa liberal presidida por Zamora y&nbsp; Juan Cris\u00f3stomo Falc\u00f3n quienes fueron respaldados por las masas populares en su lucha por la justicia social.<\/p>\n\n\n\n<p>Zamora no luch\u00f3 en vano, la batalla que emprendi\u00f3 el 19 de febrero de 1958, dej\u00f3 como resultado un pueblo valiente, \u00e9l sent\u00f3 las bases de lo que hoy se conoce como uni\u00f3n-c\u00edvico militar, donde actualmente 1 mill\u00f3n 600 mil milicianos y milicianas, est\u00e1n preparados para defender cada espacio del territorio nacional.<\/p>\n\n\n\n<p><strong>La Revoluci\u00f3n Bolivariana y su ra\u00edz zamorana<\/strong><\/p>\n\n\n\n<p>Zamora est\u00e1 presente en las batallas por la construcci\u00f3n de la Patria bolivariana y chavista. En el Libro Azul del comandante Ch\u00e1vez se rescata el ideal zamorano, pasando por la Operaci\u00f3n Zamora el 4F, hasta el Plan Patria.<\/p>\n\n\n\n<p>Una conexi\u00f3n hist\u00f3rica del pensamiento y acci\u00f3n de Zamora se introduce en los conceptos comunales, de propiedad, de formas de ejercer el poder m\u00e1s democr\u00e1ticas impulsados por Ch\u00e1vez.<\/p>\n\n\n\n<p>\u201cVamos de batalla en batalla y de victoria en victoria, construyendo una Patria nueva, una Patria libre, una Patria soberana, una Patria del pueblo; en igualdad, en libertad, el socialismo\u201d, dijo el fundador de la Revoluci\u00f3n Bolivariana el 1 de febrero de 2009, durante la ofrenda floral con motivo del 192\u00b0 Aniversario del Natalicio del General Ezequiel Zamora.<\/p>\n\n\n\n<p>Este legado sigue vigente. Venezuela contin\u00faa su rumbo hacia la construcci\u00f3n del poder revolucionario en manos del pueblo, a trav\u00e9s de las comunas productivas, el desarrollo y encadenamiento de los procesos productivos que nos lleven a ir configurando un modelo econ\u00f3mico de car\u00e1cter socialista como herramientas para combatir&nbsp; la guerra econ\u00f3mica.<\/p>\n\n\n\n<p>\u201cEn 1817 naci\u00f3 un hombre que destac\u00f3 por su valent\u00eda y arrojo para defender las causas del pueblo contra la traici\u00f3n de la oligarqu\u00eda al ideal bolivariano. Hoy, el pueblo empu\u00f1a la espada de quien con la fuerza del viento barin\u00e9s alz\u00f3 las banderas libertarias y libr\u00f3 la batalla por la igualdad y la justicia social, bajo la consigna de \u201cTierra y Hombres Libres\u201d, expres\u00f3 el presidente de la Rep\u00fablica, Nicol\u00e1s Maduro, al conmemorar los 197 a\u00f1os de su natalicio.<\/p>\n\n\n\n<p>Hoy los venezolanos, a 205 a\u00f1os de su nacimiento, siguen enarbolando las banderas del General del Pueblo Soberano, contin\u00faan la lucha contra la oligarqu\u00eda opresora y en la construcci\u00f3n de un sistema basado en la igualdad y respeto, de hombres y mujeres libres.<\/p>\n\n\n\n<p><strong>Prensa Presidencial<\/strong><\/p>\n","protected":false},"excerpt":{"rendered":"<p>Palacio de Miraflores, Caracas.-&nbsp;Se cumplen 205 a\u00f1os del nacimiento de Ezequiel Zamora, pol\u00edtico y militar venezolano, uno de los principales protagonistas de la Guerra Federal que venci\u00f3 al ej\u00e9rcito conservador en la Batalla de Santa In\u00e9s, impulsado por las ideas de igualdad y justicia para todos. Zamora naci\u00f3 en el a\u00f1o 1817 en C\u00faa, estado [&hellip;]<\/p>\n","protected":false},"author":6,"featured_media":2491,"comment_status":"open","ping_status":"open","sticky":false,"template":"","format":"standard","meta":{"footnotes":""},"categories":[10],"tags":[],"class_list":["post-2489","post","type-post","status-publish","format-standard","has-post-thumbnail","hentry","category-especiales"],"_links":{"self":[{"href":"https:\/\/prensapresidencialvenezuela.gob.ve\/index.php\/wp-json\/wp\/v2\/posts\/2489","targetHints":{"allow":["GET"]}}],"collection":[{"href":"https:\/\/prensapresidencialvenezuela.gob.ve\/index.php\/wp-json\/wp\/v2\/posts"}],"about":[{"href":"https:\/\/prensapresidencialvenezuela.gob.ve\/index.php\/wp-json\/wp\/v2\/types\/post"}],"author":[{"embeddable":true,"href":"https:\/\/prensapresidencialvenezuela.gob.ve\/index.php\/wp-json\/wp\/v2\/users\/6"}],"replies":[{"embeddable":true,"href":"https:\/\/prensapresidencialvenezuela.gob.ve\/index.php\/wp-json\/wp\/v2\/comments?post=2489"}],"version-history":[{"count":1,"href":"https:\/\/prensapresidencialvenezuela.gob.ve\/index.php\/wp-json\/wp\/v2\/posts\/2489\/revisions"}],"predecessor-version":[{"id":2494,"href":"https:\/\/prensapresidencialvenezuela.gob.ve\/index.php\/wp-json\/wp\/v2\/posts\/2489\/revisions\/2494"}],"wp:featuredmedia":[{"embeddable":true,"href":"https:\/\/prensapresidencialvenezuela.gob.ve\/index.php\/wp-json\/wp\/v2\/media\/2491"}],"wp:attachment":[{"href":"https:\/\/prensapresidencialvenezuela.gob.ve\/index.php\/wp-json\/wp\/v2\/media?parent=2489"}],"wp:term":[{"taxonomy":"category","embeddable":true,"href":"https:\/\/prensapresidencialvenezuela.gob.ve\/index.php\/wp-json\/wp\/v2\/categories?post=2489"},{"taxonomy":"post_tag","embeddable":true,"href":"https:\/\/prensapresidencialvenezuela.gob.ve\/index.php\/wp-json\/wp\/v2\/tags?post=2489"}],"curies":[{"name":"wp","href":"https:\/\/api.w.org\/{rel}","templated":true}]}}