{"id":24893,"date":"2025-10-29T17:58:29","date_gmt":"2025-10-29T21:58:29","guid":{"rendered":"https:\/\/prensapresidencialvenezuela.gob.ve\/?p=24893"},"modified":"2025-10-29T17:58:30","modified_gmt":"2025-10-29T21:58:30","slug":"gobierno-bolivariano-exige-precio-justo-para-el-cemento-nacional","status":"publish","type":"post","link":"https:\/\/prensapresidencialvenezuela.gob.ve\/index.php\/2025\/10\/29\/gobierno-bolivariano-exige-precio-justo-para-el-cemento-nacional\/","title":{"rendered":"Gobierno Bolivariano exige precio justo para el cemento nacional"},"content":{"rendered":"\n<p><strong>Petare, Miranda.-<\/strong> El presidente de la Rep\u00fablica Bolivariana de Venezuela, Nicol\u00e1s Maduro, conden\u00f3 este jueves los precios especulativos del cemento en el pa\u00eds, asegurando que este rubro, al ser de fabricaci\u00f3n nacional, no justifica su sobreprecio en el mercado.<\/p>\n\n\n\n<p>Durante un recorrido por una ferretera comunal, en la Comuna De Cara al R\u00edo, en Petare, estado Miranda, un proyecto impulsado para garantizar el acceso a materiales de construcci\u00f3n a precios justos, el Mandatario Nacional fustig\u00f3 las cadenas de intermediaci\u00f3n que eleva los costos de este material esencial para el sector construcci\u00f3n.<\/p>\n\n\n\n<p>\u00abAqu\u00ed est\u00e1 la saco de cemento. Hay que ponerle el precio justo porque este cemento lo producimos nosotros. Y no pueden estar robando con el cemento que produce el pueblo y la naci\u00f3n venezolana\u00bb, sentenci\u00f3.<\/p>\n\n\n\n<figure class=\"wp-block-image size-large\"><img fetchpriority=\"high\" decoding=\"async\" width=\"964\" height=\"1024\" src=\"https:\/\/prensapresidencialvenezuela.gob.ve\/wp-content\/uploads\/2025\/10\/photo_4904481326799457280_y-964x1024.jpg\" alt=\"\" class=\"wp-image-24895\" srcset=\"https:\/\/prensapresidencialvenezuela.gob.ve\/wp-content\/uploads\/2025\/10\/photo_4904481326799457280_y-964x1024.jpg 964w, https:\/\/prensapresidencialvenezuela.gob.ve\/wp-content\/uploads\/2025\/10\/photo_4904481326799457280_y-282x300.jpg 282w, https:\/\/prensapresidencialvenezuela.gob.ve\/wp-content\/uploads\/2025\/10\/photo_4904481326799457280_y-768x816.jpg 768w, https:\/\/prensapresidencialvenezuela.gob.ve\/wp-content\/uploads\/2025\/10\/photo_4904481326799457280_y.jpg 1205w\" sizes=\"(max-width: 964px) 100vw, 964px\" \/><\/figure>\n\n\n\n<p>El presidente insisti\u00f3 en que el cemento se fabrica con pura piedra nacional, lo que elimina cualquier justificaci\u00f3n para la especulaci\u00f3n: \u00abAtenci\u00f3n, ladrones. Vamos por ustedes. Basta de estar especulando con el precio del cemento. Ya basta, no puede ser,\u00bb advirti\u00f3.<\/p>\n\n\n\n<p>No obstante, precis\u00f3: \u00abUna cosa es que consigamos inversionistas para la industria cementera y otra es que vengan y le pongan el precio que le den la gana al cemento cuando ese cemento lo producimos con pura piedra nacional. Es producto nacional. No tiene ninguna justificaci\u00f3n. El pueblo debe luchar por sus precios justos\u201d.<\/p>\n\n\n\n<p><strong>Ferreter\u00edas Comunales<\/strong><\/p>\n\n\n\n<p>Como respuesta directa a la especulaci\u00f3n, la vicepresidenta Ejecutiva, Delcy Rodr\u00edguez, detall\u00f3 el avance del programa de Ferreter\u00edas Comunales, un plan que busca eliminar los sobreprecios de los intermediarios.<\/p>\n\n\n\n<p>\u00abPresidente, esta ferreter\u00eda comunal, como usted lo ha dicho, est\u00e1 un equipo completo, Comercio Nacional, Emprender Juntos, Comunas,\u00bb explic\u00f3 Rodr\u00edguez. Detall\u00f3 que el objetivo de estas, es similar al de las bodegas comunales: la venta a precios solidarios y sin intermediarios.<\/p>\n\n\n\n<p>La vicepresidenta inform\u00f3 que ya se han desplegado las primeras 80 Ferreter\u00edas Comunales instruidas por el presidente&nbsp; y que la iniciativa permitir\u00e1 a las comunidades tener acceso a materiales para reparar y pintar sus casas, de cara a la temporada decembrina.<\/p>\n\n\n\n<p><strong>Prensa Presidencial \/ Iliana Rosales<\/strong><\/p>\n","protected":false},"excerpt":{"rendered":"<p>Petare, Miranda.- El presidente de la Rep\u00fablica Bolivariana de Venezuela, Nicol\u00e1s Maduro, conden\u00f3 este jueves los precios especulativos del cemento en el pa\u00eds, asegurando que este rubro, al ser de fabricaci\u00f3n nacional, no justifica su sobreprecio en el mercado. Durante un recorrido por una ferretera comunal, en la Comuna De Cara al R\u00edo, en Petare, [&hellip;]<\/p>\n","protected":false},"author":1,"featured_media":24894,"comment_status":"open","ping_status":"open","sticky":false,"template":"","format":"standard","meta":{"footnotes":""},"categories":[18,7],"tags":[],"class_list":["post-24893","post","type-post","status-publish","format-standard","has-post-thumbnail","hentry","category-noticias-principales","category-notas-de-prensa"],"_links":{"self":[{"href":"https:\/\/prensapresidencialvenezuela.gob.ve\/index.php\/wp-json\/wp\/v2\/posts\/24893","targetHints":{"allow":["GET"]}}],"collection":[{"href":"https:\/\/prensapresidencialvenezuela.gob.ve\/index.php\/wp-json\/wp\/v2\/posts"}],"about":[{"href":"https:\/\/prensapresidencialvenezuela.gob.ve\/index.php\/wp-json\/wp\/v2\/types\/post"}],"author":[{"embeddable":true,"href":"https:\/\/prensapresidencialvenezuela.gob.ve\/index.php\/wp-json\/wp\/v2\/users\/1"}],"replies":[{"embeddable":true,"href":"https:\/\/prensapresidencialvenezuela.gob.ve\/index.php\/wp-json\/wp\/v2\/comments?post=24893"}],"version-history":[{"count":1,"href":"https:\/\/prensapresidencialvenezuela.gob.ve\/index.php\/wp-json\/wp\/v2\/posts\/24893\/revisions"}],"predecessor-version":[{"id":24896,"href":"https:\/\/prensapresidencialvenezuela.gob.ve\/index.php\/wp-json\/wp\/v2\/posts\/24893\/revisions\/24896"}],"wp:featuredmedia":[{"embeddable":true,"href":"https:\/\/prensapresidencialvenezuela.gob.ve\/index.php\/wp-json\/wp\/v2\/media\/24894"}],"wp:attachment":[{"href":"https:\/\/prensapresidencialvenezuela.gob.ve\/index.php\/wp-json\/wp\/v2\/media?parent=24893"}],"wp:term":[{"taxonomy":"category","embeddable":true,"href":"https:\/\/prensapresidencialvenezuela.gob.ve\/index.php\/wp-json\/wp\/v2\/categories?post=24893"},{"taxonomy":"post_tag","embeddable":true,"href":"https:\/\/prensapresidencialvenezuela.gob.ve\/index.php\/wp-json\/wp\/v2\/tags?post=24893"}],"curies":[{"name":"wp","href":"https:\/\/api.w.org\/{rel}","templated":true}]}}