{"id":2496,"date":"2022-02-02T12:40:00","date_gmt":"2022-02-02T12:40:00","guid":{"rendered":"http:\/\/172.27.0.121\/?p=2496"},"modified":"2022-07-13T17:38:19","modified_gmt":"2022-07-13T17:38:19","slug":"2f-de-1999-hugo-chavez-juro-por-el-renacimiento-de-la-patria-y-su-transformacion-politica","status":"publish","type":"post","link":"https:\/\/prensapresidencialvenezuela.gob.ve\/index.php\/2022\/02\/02\/2f-de-1999-hugo-chavez-juro-por-el-renacimiento-de-la-patria-y-su-transformacion-politica\/","title":{"rendered":"2F de 1999, Hugo Ch\u00e1vez jur\u00f3 por el renacimiento de la Patria y su transformaci\u00f3n pol\u00edtica"},"content":{"rendered":"\n<p><strong>Palacio de Miraflores, Caracas.-<\/strong>\u201cJuro delante de Dios, juro delante de la Patria, juro delante de mi pueblo sobre esta moribunda Constituci\u00f3n (1961), que impulsar\u00e9 las transformaciones democr\u00e1ticas necesarias para que la Rep\u00fablica nueva tenga una Carta Magna adecuada a los nuevos tiempos. \u00a1Lo Juro!\u201d,&nbsp; y as\u00ed qued\u00f3 sellado en voz del l\u00edder de la Revoluci\u00f3n Bolivariana Hugo Ch\u00e1vez, un d\u00eda memorable para la historia de la Rep\u00fablica, el 2 de febrero 1999.<\/p>\n\n\n\n<p>Los vientos de victoria popular marcaban entonces un profundo proceso&nbsp; de cambio social en el pa\u00eds. Hugo Ch\u00e1vez hab\u00eda logrado la victoria en la antesala electoral de 6 de diciembre de 1998,&nbsp; con el 56,20 % de los votos dando paso as\u00ed a la nueva historia de la pol\u00edtica venezolana en la que se fortalecer\u00eda la inclusi\u00f3n social, bandera que no ha claudicado desde aquel triunfo.<\/p>\n\n\n\n<p>Inspirado en el ideario del Libertador Sim\u00f3n Bol\u00edvar, para consagrar la mayor suma de felicidad social evocada en el Segundo Congreso de Venezuela, espec\u00edficamente en el Discurso de Angostura del 15 de febrero de 1819,&nbsp; el Comandante Eterno Hugo Ch\u00e1vez, transitaba con su juramento ante la Asamblea Nacional los caminos de la reconstrucci\u00f3n de la Patria, la dignificaci\u00f3n de los derechos pol\u00edticos, sociales y culturales, as\u00ed como&nbsp; el basamento de la Carta Magna que m\u00e1s tarde apunt\u00f3 a la inclusi\u00f3n de las grandes mayor\u00edas como nunca antes en la historia del bipartidismo de 40 a\u00f1os de AD- Copei.<\/p>\n\n\n\n<p>Con estas acciones Venezuela, tambi\u00e9n fue inspiraci\u00f3n para los pueblos del Sur que buscaban su emancipaci\u00f3n.<\/p>\n\n\n\n<p>En contexto, la promesa de Hugo Ch\u00e1vez, se materializ\u00f3 en el tiempo&nbsp; y se mantienen con pol\u00edticas p\u00fablicas de protecci\u00f3n de las pensiones y salarios, ahora con el apoyo del Sistema Patria, con bonos especiales direccionados a millones de familias para enfrentar la guerra econ\u00f3mica y multiforme, tributando as\u00ed al legado de inclusi\u00f3n y soberan\u00eda&nbsp; del Comandante Ch\u00e1vez.<\/p>\n\n\n\n<p>Hoy a 23 a\u00f1os de aquella importante fecha hist\u00f3rica, que signific\u00f3 el nacimiento democr\u00e1tico de las fuerzas vivas de la Revoluci\u00f3n Bolivariana, el pueblo de la mano del Presidente constitucional Nicol\u00e1s Maduro Moros, sigue transitando el camino de la consolidaci\u00f3n de los derechos sociales, esta vez frente a la coyuntura del bloqueo imperialista, que Venezuela va superando con uni\u00f3n nacional, trabajo y el di\u00e1logo pol\u00edtico nacional e internacional.<\/p>\n\n\n\n<p>En los a\u00f1os que han transcurrido, lo que impuls\u00f3 Hugo Ch\u00e1vez, su pol\u00edtica inclusiva&nbsp; en todas las \u00e1reas estrat\u00e9gicas para el desarrollo de la Naci\u00f3n y que traspasaba fronteras, se ha convertido en la f\u00f3rmula asumida por el equipo del Gobierno Bolivariano, e incluso por el pueblo que desde su propio espacio en cada territorio contribuye con el afianzamiento de pol\u00edticas p\u00fablicas, sujetas estas a las necesidades identificadas por el Pueblo-Gobierno, un binomio que tambi\u00e9n ese 2 de febrero de 1.999, se hizo inseparable.<\/p>\n\n\n\n<p>A 23 a\u00f1os del triunfo del juramento patrio, el Comandante Ch\u00e1vez y su legado, ese que hoy toca a todas y todos, se refleja en esa frase c\u00e9lebre&nbsp; del l\u00edder revolucionario,\u201c\u00a1Ch\u00e1vez no soy yo, Ch\u00e1vez es un Pueblo!\u201d.<\/p>\n\n\n\n<p><strong>Prensa Presidencial \/ Ana\u00eds P\u00e9rez<\/strong><\/p>\n","protected":false},"excerpt":{"rendered":"<p>Palacio de Miraflores, Caracas.-\u201cJuro delante de Dios, juro delante de la Patria, juro delante de mi pueblo sobre esta moribunda Constituci\u00f3n (1961), que impulsar\u00e9 las transformaciones democr\u00e1ticas necesarias para que la Rep\u00fablica nueva tenga una Carta Magna adecuada a los nuevos tiempos. \u00a1Lo Juro!\u201d,&nbsp; y as\u00ed qued\u00f3 sellado en voz del l\u00edder de la Revoluci\u00f3n [&hellip;]<\/p>\n","protected":false},"author":6,"featured_media":2498,"comment_status":"open","ping_status":"open","sticky":false,"template":"","format":"standard","meta":{"footnotes":""},"categories":[10],"tags":[],"class_list":["post-2496","post","type-post","status-publish","format-standard","has-post-thumbnail","hentry","category-especiales"],"_links":{"self":[{"href":"https:\/\/prensapresidencialvenezuela.gob.ve\/index.php\/wp-json\/wp\/v2\/posts\/2496","targetHints":{"allow":["GET"]}}],"collection":[{"href":"https:\/\/prensapresidencialvenezuela.gob.ve\/index.php\/wp-json\/wp\/v2\/posts"}],"about":[{"href":"https:\/\/prensapresidencialvenezuela.gob.ve\/index.php\/wp-json\/wp\/v2\/types\/post"}],"author":[{"embeddable":true,"href":"https:\/\/prensapresidencialvenezuela.gob.ve\/index.php\/wp-json\/wp\/v2\/users\/6"}],"replies":[{"embeddable":true,"href":"https:\/\/prensapresidencialvenezuela.gob.ve\/index.php\/wp-json\/wp\/v2\/comments?post=2496"}],"version-history":[{"count":1,"href":"https:\/\/prensapresidencialvenezuela.gob.ve\/index.php\/wp-json\/wp\/v2\/posts\/2496\/revisions"}],"predecessor-version":[{"id":2501,"href":"https:\/\/prensapresidencialvenezuela.gob.ve\/index.php\/wp-json\/wp\/v2\/posts\/2496\/revisions\/2501"}],"wp:featuredmedia":[{"embeddable":true,"href":"https:\/\/prensapresidencialvenezuela.gob.ve\/index.php\/wp-json\/wp\/v2\/media\/2498"}],"wp:attachment":[{"href":"https:\/\/prensapresidencialvenezuela.gob.ve\/index.php\/wp-json\/wp\/v2\/media?parent=2496"}],"wp:term":[{"taxonomy":"category","embeddable":true,"href":"https:\/\/prensapresidencialvenezuela.gob.ve\/index.php\/wp-json\/wp\/v2\/categories?post=2496"},{"taxonomy":"post_tag","embeddable":true,"href":"https:\/\/prensapresidencialvenezuela.gob.ve\/index.php\/wp-json\/wp\/v2\/tags?post=2496"}],"curies":[{"name":"wp","href":"https:\/\/api.w.org\/{rel}","templated":true}]}}