{"id":2508,"date":"2022-06-16T17:43:00","date_gmt":"2022-06-16T17:43:00","guid":{"rendered":"http:\/\/172.27.0.121\/?p=2508"},"modified":"2022-07-13T17:44:04","modified_gmt":"2022-07-13T17:44:04","slug":"gira-euroasiatica-del-presidente-maduro-es-un-exito-total","status":"publish","type":"post","link":"https:\/\/prensapresidencialvenezuela.gob.ve\/index.php\/2022\/06\/16\/gira-euroasiatica-del-presidente-maduro-es-un-exito-total\/","title":{"rendered":"Gira euroasi\u00e1tica del presidente Maduro es un \u00e9xito total"},"content":{"rendered":"\n<p><strong>Doha, Estado de Qatar. \u2013&nbsp;<\/strong>La Rep\u00fablica Bolivariana de Venezuela ha logrado consolidar en gira euroasi\u00e1tica una nueva etapa de las relaciones de cooperaci\u00f3n con las naciones hermanas del mundo, enfatiz\u00f3 el presidente de la Rep\u00fablica Bolivariana de Venezuela, Nicol\u00e1s Maduro, en entrevista con <em>Al-Jazeera<\/em>.<\/p>\n\n\n\n<p>\u201cVerdaderamente puedo hacer un balance temprano de esta gira y decirles que ha sido un \u00e9xito total. Nos vamos con grandes propuestas y s\u00e9 que lo que viene es mucho mejor que lo que ten\u00edamos\u201d, expres\u00f3 el Dignatario nacional.<\/p>\n\n\n\n<p>Rememor\u00f3 en la entrevista que durante muchos a\u00f1os \u201chemos estado cultivando relaciones de hermandad y de cooperaci\u00f3n con todo el mundo \u00e1rabe y con esta parte del mundo de Eurasia\u201d.<\/p>\n\n\n\n<p>Sobre su paso por T\u00fcrkiye, Argelia, Ir\u00e1n, Kuwait y Qatar, manifest\u00f3 que -con todos- Venezuela mantiene estrechas relaciones, por tanto, \u201chemos venido porque creemos que se est\u00e1 iniciando una nueva etapa en la humanidad. Hemos venido a compartir nuestras ideas, nuestra visi\u00f3n de la geopol\u00edtica mundial con l\u00edderes fundamentales de toda esta importante regi\u00f3n del mundo\u201d.<\/p>\n\n\n\n<p>Ratific\u00f3 que el fin de la gira euroasi\u00e1tica tambi\u00e9n ha sido \u201cconstruir una nueva etapa en las relaciones de cooperaci\u00f3n econ\u00f3mica, comercial, energ\u00e9tica, cultural, tur\u00edstica, en todos los frentes de batalla con cada uno de los pa\u00edses\u201d.<\/p>\n\n\n\n<p><strong>Prensa Presidencial\/Ana\u00eds P\u00e9rez<\/strong><\/p>\n","protected":false},"excerpt":{"rendered":"<p>Doha, Estado de Qatar. \u2013&nbsp;La Rep\u00fablica Bolivariana de Venezuela ha logrado consolidar en gira euroasi\u00e1tica una nueva etapa de las relaciones de cooperaci\u00f3n con las naciones hermanas del mundo, enfatiz\u00f3 el presidente de la Rep\u00fablica Bolivariana de Venezuela, Nicol\u00e1s Maduro, en entrevista con Al-Jazeera. \u201cVerdaderamente puedo hacer un balance temprano de esta gira y decirles [&hellip;]<\/p>\n","protected":false},"author":6,"featured_media":2509,"comment_status":"open","ping_status":"open","sticky":false,"template":"","format":"standard","meta":{"footnotes":""},"categories":[7],"tags":[],"class_list":["post-2508","post","type-post","status-publish","format-standard","has-post-thumbnail","hentry","category-notas-de-prensa"],"_links":{"self":[{"href":"https:\/\/prensapresidencialvenezuela.gob.ve\/index.php\/wp-json\/wp\/v2\/posts\/2508","targetHints":{"allow":["GET"]}}],"collection":[{"href":"https:\/\/prensapresidencialvenezuela.gob.ve\/index.php\/wp-json\/wp\/v2\/posts"}],"about":[{"href":"https:\/\/prensapresidencialvenezuela.gob.ve\/index.php\/wp-json\/wp\/v2\/types\/post"}],"author":[{"embeddable":true,"href":"https:\/\/prensapresidencialvenezuela.gob.ve\/index.php\/wp-json\/wp\/v2\/users\/6"}],"replies":[{"embeddable":true,"href":"https:\/\/prensapresidencialvenezuela.gob.ve\/index.php\/wp-json\/wp\/v2\/comments?post=2508"}],"version-history":[{"count":1,"href":"https:\/\/prensapresidencialvenezuela.gob.ve\/index.php\/wp-json\/wp\/v2\/posts\/2508\/revisions"}],"predecessor-version":[{"id":2510,"href":"https:\/\/prensapresidencialvenezuela.gob.ve\/index.php\/wp-json\/wp\/v2\/posts\/2508\/revisions\/2510"}],"wp:featuredmedia":[{"embeddable":true,"href":"https:\/\/prensapresidencialvenezuela.gob.ve\/index.php\/wp-json\/wp\/v2\/media\/2509"}],"wp:attachment":[{"href":"https:\/\/prensapresidencialvenezuela.gob.ve\/index.php\/wp-json\/wp\/v2\/media?parent=2508"}],"wp:term":[{"taxonomy":"category","embeddable":true,"href":"https:\/\/prensapresidencialvenezuela.gob.ve\/index.php\/wp-json\/wp\/v2\/categories?post=2508"},{"taxonomy":"post_tag","embeddable":true,"href":"https:\/\/prensapresidencialvenezuela.gob.ve\/index.php\/wp-json\/wp\/v2\/tags?post=2508"}],"curies":[{"name":"wp","href":"https:\/\/api.w.org\/{rel}","templated":true}]}}