{"id":2521,"date":"2022-06-16T17:49:00","date_gmt":"2022-06-16T17:49:00","guid":{"rendered":"http:\/\/172.27.0.121\/?p=2521"},"modified":"2022-07-13T17:50:30","modified_gmt":"2022-07-13T17:50:30","slug":"presidente-llama-a-lideres-del-mundo-a-la-reflexion-para-la-resolucion-de-conflicto-en-ucrania","status":"publish","type":"post","link":"https:\/\/prensapresidencialvenezuela.gob.ve\/index.php\/2022\/06\/16\/presidente-llama-a-lideres-del-mundo-a-la-reflexion-para-la-resolucion-de-conflicto-en-ucrania\/","title":{"rendered":"Presidente llama a l\u00edderes del mundo a la reflexi\u00f3n para la resoluci\u00f3n de conflicto en Ucrania"},"content":{"rendered":"\n<p><strong>Doha, Estado de Qatar. \u2013<\/strong>&nbsp;El presidente de la Rep\u00fablica Bolivariana de Venezuela, llam\u00f3 a los l\u00edderes del mundo a la reflexi\u00f3n, al di\u00e1logo y a la resoluci\u00f3n del conflicto en Ucrania por la v\u00eda de la diplomacia y a la b\u00fasqueda inmediata de la paz.<\/p>\n\n\n\n<p>En entrevista con <em>Al-Jazeera<\/em>, el jefe de Estado venezolano repas\u00f3 que lo que ha sucedido con motivo del conflicto de Ucrania \u201cnos debe hacer reflexionar a todos en el mundo y s\u00ed puedo aportar un granito de arena en esa reflexi\u00f3n lo voy a hacer\u201d.<\/p>\n\n\n\n<p>Cuestion\u00f3 la actuaci\u00f3n de Occidente y la calific\u00f3 como error. \u201cCreo que es un error grave el que est\u00e1 cometiendo Occidente contra Rusia haber lanzado m\u00e1s de mil sanciones econ\u00f3micas, haber lanzado una guerra econ\u00f3mica, todo eso se ha devuelto como un bumerang contra las econom\u00edas de Estados Unidos, Europa y de todo el mundo y ha creado una desestabilizaci\u00f3n\u201d.<\/p>\n\n\n\n<p>Ejemplific\u00f3 los efectos negativos de tales decisiones, al se\u00f1alar que \u201clos precios del petr\u00f3leo pueden llegar hasta 200 d\u00f3lares el barril. El precio del gas se dispar\u00f3, escasez e inflaci\u00f3n. Escasez de fertilizantes, amenazas, se han duplicado todos los precios del trigo, del arroz, es un error que debe ser rectificado a tiempo\u201d.<\/p>\n\n\n\n<p><strong>Relaciones con Rusia<\/strong><\/p>\n\n\n\n<p>En este escenario, el jefe de Estado venezolano ratific\u00f3 que el pa\u00eds suramericano mantiene \u201crelaciones estrat\u00e9gicas de cooperaci\u00f3n con la Federaci\u00f3n de Rusia y esas relaciones han sido exitosas durante m\u00e1s de veinte a\u00f1os. Esas relaciones han permitido grandes inversiones en Venezuela, en petr\u00f3leo, en gas, la petroqu\u00edmica y en otras \u00e1reas de la cooperaci\u00f3n y creemos que el mundo debe practicar el di\u00e1logo y la resoluci\u00f3n de los conflictos a partir de la diplomacia y no a partir de las sanciones y de la guerra econ\u00f3mica. Es un grave error, por eso hago esta reflexi\u00f3n\u201d.<\/p>\n\n\n\n<p>Incluso agreg\u00f3 que las relaciones con \u201cRusia, con China, con la India, con el mundo \u00e1rabe, con T\u00fcrkiye, con Ir\u00e1n vienen mucho antes de que se aplicaran sanciones crueles e inhumanas a Venezuela y van a continuar hacia adelante. Todas nuestras relaciones estrat\u00e9gicas en el mundo han pasado la prueba de la persecuci\u00f3n econ\u00f3mica, de las sanciones crueles y criminales y esa es una buena noticia para Venezuela y para el mundo\u201d.<\/p>\n\n\n\n<p><strong>Prensa Presidencial\/Ana\u00eds P\u00e9rez<\/strong><\/p>\n","protected":false},"excerpt":{"rendered":"<p>Doha, Estado de Qatar. \u2013&nbsp;El presidente de la Rep\u00fablica Bolivariana de Venezuela, llam\u00f3 a los l\u00edderes del mundo a la reflexi\u00f3n, al di\u00e1logo y a la resoluci\u00f3n del conflicto en Ucrania por la v\u00eda de la diplomacia y a la b\u00fasqueda inmediata de la paz. En entrevista con Al-Jazeera, el jefe de Estado venezolano repas\u00f3 [&hellip;]<\/p>\n","protected":false},"author":6,"featured_media":2524,"comment_status":"open","ping_status":"open","sticky":false,"template":"","format":"standard","meta":{"footnotes":""},"categories":[7],"tags":[],"class_list":["post-2521","post","type-post","status-publish","format-standard","has-post-thumbnail","hentry","category-notas-de-prensa"],"_links":{"self":[{"href":"https:\/\/prensapresidencialvenezuela.gob.ve\/index.php\/wp-json\/wp\/v2\/posts\/2521","targetHints":{"allow":["GET"]}}],"collection":[{"href":"https:\/\/prensapresidencialvenezuela.gob.ve\/index.php\/wp-json\/wp\/v2\/posts"}],"about":[{"href":"https:\/\/prensapresidencialvenezuela.gob.ve\/index.php\/wp-json\/wp\/v2\/types\/post"}],"author":[{"embeddable":true,"href":"https:\/\/prensapresidencialvenezuela.gob.ve\/index.php\/wp-json\/wp\/v2\/users\/6"}],"replies":[{"embeddable":true,"href":"https:\/\/prensapresidencialvenezuela.gob.ve\/index.php\/wp-json\/wp\/v2\/comments?post=2521"}],"version-history":[{"count":1,"href":"https:\/\/prensapresidencialvenezuela.gob.ve\/index.php\/wp-json\/wp\/v2\/posts\/2521\/revisions"}],"predecessor-version":[{"id":2525,"href":"https:\/\/prensapresidencialvenezuela.gob.ve\/index.php\/wp-json\/wp\/v2\/posts\/2521\/revisions\/2525"}],"wp:featuredmedia":[{"embeddable":true,"href":"https:\/\/prensapresidencialvenezuela.gob.ve\/index.php\/wp-json\/wp\/v2\/media\/2524"}],"wp:attachment":[{"href":"https:\/\/prensapresidencialvenezuela.gob.ve\/index.php\/wp-json\/wp\/v2\/media?parent=2521"}],"wp:term":[{"taxonomy":"category","embeddable":true,"href":"https:\/\/prensapresidencialvenezuela.gob.ve\/index.php\/wp-json\/wp\/v2\/categories?post=2521"},{"taxonomy":"post_tag","embeddable":true,"href":"https:\/\/prensapresidencialvenezuela.gob.ve\/index.php\/wp-json\/wp\/v2\/tags?post=2521"}],"curies":[{"name":"wp","href":"https:\/\/api.w.org\/{rel}","templated":true}]}}