{"id":2526,"date":"2022-06-16T17:50:00","date_gmt":"2022-06-16T17:50:00","guid":{"rendered":"http:\/\/172.27.0.121\/?p=2526"},"modified":"2022-07-18T16:10:29","modified_gmt":"2022-07-18T16:10:29","slug":"presidente-chavez-tomo-una-decision-firme-y-valiente-de-protesta","status":"publish","type":"post","link":"https:\/\/prensapresidencialvenezuela.gob.ve\/index.php\/2022\/06\/16\/presidente-chavez-tomo-una-decision-firme-y-valiente-de-protesta\/","title":{"rendered":"Presidente: Ch\u00e1vez tom\u00f3 una decisi\u00f3n firme y valiente de protesta"},"content":{"rendered":"\n<p><strong>Doha, Estado de Qatar. \u2013<\/strong>&nbsp;El presidente de la Rep\u00fablica Bolivariana de Venezuela, Nicol\u00e1s Maduro, record\u00f3 en medio de una entrevista con <em>Al-Jazeera<\/em>, que el comandante Hugo Ch\u00e1vez tom\u00f3 una decisi\u00f3n firme y valiente de protesta, durante la masacre \u00abcontra la Franja de Gaza, fue un grito al mundo para decir: Ya basta de masacre, de muerte, a levantar la voz por Palestina\u201d.<\/p>\n\n\n\n<p>Indic\u00f3 que hoy Venezuela no ha cambiado su posici\u00f3n, la cual apoya y se mantiene firme.<\/p>\n\n\n\n<p>Movido por esta premisa que no pierde vigencia, el presidente Maduro elev\u00f3 un llamado \u201ca todos los pueblos \u00e1rabes, musulmanes, del mundo a que elevemos la solidaridad con el pueblo de Palestina\u201d, porque \u201cbasta de tanto dolor, masacre, martirio, Palestina tiene derecho a su territorio, a un Estado independiente y libre y soberano. El pueblo Palestino tiene derecho a la vida, a la paz, al futuro\u201d.<\/p>\n\n\n\n<p>\u201cNosotros somos cristianos, nuestro se\u00f1or Jesucristo fue un ni\u00f1o que naci\u00f3 en Palestina, en Bel\u00e9n, fue un hombre palestino, fue un l\u00edder palestino, fue un m\u00e1rtir palestino. Para nosotros, Palestina es tierra sagrada. Env\u00edo nuestro saludo de amor absoluto a la causa palestina\u201d, expres\u00f3 el Dignatario.<\/p>\n\n\n\n<p>Al responder que \u201cVenezuela no acepta presiones de nadie jam\u00e1s\u201d, indic\u00f3 que la posici\u00f3n \u201ces firme, bolivariana, justa. M\u00e1s temprano que tarde vamos a ver la victoria de la causa palestina. Eso est\u00e1 escrito, la victoria de la paz y del derecho palestino\u201d.<\/p>\n\n\n\n<p><strong>Prensa Presidencial\/Ana\u00eds P\u00e9rez<\/strong><\/p>\n\n\n\n<p><a rel=\"noreferrer noopener\" href=\"http:\/\/www.minci.gob.ve\/presidente-chavez-tomo-una-decision-firme-y-valiente-de-protesta\/#\" target=\"_blank\"><\/a><\/p>\n\n\n\n<p><a rel=\"noreferrer noopener\" href=\"https:\/\/plus.google.com\/share?url=http:\/\/www.minci.gob.ve\/presidente-chavez-tomo-una-decision-firme-y-valiente-de-protesta\/\" target=\"_blank\"><\/a><\/p>\n\n\n\n<p><a href=\"whatsapp:\/\/send?text=Presidente%3A%20Ch\u00e1vez%20tom\u00f3%20una%20decisi\u00f3n%20firme%20y%20valiente%20de%20protesta%20http%3A%2F%2Fwww.minci.gob.ve%2F%3Fp%3D433320\"><\/a><\/p>\n\n\n\n<p><a rel=\"noreferrer noopener\" href=\"\/\/msg?text=Presidente%3A%20Ch\u00e1vez%20tom\u00f3%20una%20decisi\u00f3n%20firme%20y%20valiente%20de%20protesta%20http%3A%2F%2Fwww.minci.gob.ve%2F%3Fp%3D433320\" target=\"_blank\"><\/a><\/p>\n\n\n\n<p><a rel=\"noreferrer noopener\" href=\"sms:&amp;body=Presidente%3A%20Ch\u00e1vez%20tom\u00f3%20una%20decisi\u00f3n%20firme%20y%20valiente%20de%20protesta%20http%3A%2F%2Fwww.minci.gob.ve%2F%3Fp%3D433320\" target=\"_blank\"><\/a><\/p>\n\n\n\n<p><a rel=\"noreferrer noopener\" href=\"http:\/\/compose.mail.yahoo.com\/?body=http:\/\/www.minci.gob.ve\/presidente-chavez-tomo-una-decision-firme-y-valiente-de-protesta\/\" target=\"_blank\"><\/a><\/p>\n\n\n\n<p><a rel=\"noreferrer noopener\" href=\"https:\/\/mail.google.com\/mail\/u\/0\/?view=cm&amp;fs=1&amp;su=Presidente%3A+Ch%C3%A1vez+tom%C3%B3+una+decisi%C3%B3n+firme+y+valiente+de+protesta&amp;body=http:\/\/www.minci.gob.ve\/presidente-chavez-tomo-una-decision-firme-y-valiente-de-protesta\/&amp;ui=2&amp;tf=1\" target=\"_blank\"><\/a><\/p>\n","protected":false},"excerpt":{"rendered":"<p>Doha, Estado de Qatar. \u2013&nbsp;El presidente de la Rep\u00fablica Bolivariana de Venezuela, Nicol\u00e1s Maduro, record\u00f3 en medio de una entrevista con Al-Jazeera, que el comandante Hugo Ch\u00e1vez tom\u00f3 una decisi\u00f3n firme y valiente de protesta, durante la masacre \u00abcontra la Franja de Gaza, fue un grito al mundo para decir: Ya basta de masacre, de [&hellip;]<\/p>\n","protected":false},"author":6,"featured_media":2528,"comment_status":"open","ping_status":"open","sticky":false,"template":"","format":"standard","meta":{"footnotes":""},"categories":[7],"tags":[],"class_list":["post-2526","post","type-post","status-publish","format-standard","has-post-thumbnail","hentry","category-notas-de-prensa"],"_links":{"self":[{"href":"https:\/\/prensapresidencialvenezuela.gob.ve\/index.php\/wp-json\/wp\/v2\/posts\/2526","targetHints":{"allow":["GET"]}}],"collection":[{"href":"https:\/\/prensapresidencialvenezuela.gob.ve\/index.php\/wp-json\/wp\/v2\/posts"}],"about":[{"href":"https:\/\/prensapresidencialvenezuela.gob.ve\/index.php\/wp-json\/wp\/v2\/types\/post"}],"author":[{"embeddable":true,"href":"https:\/\/prensapresidencialvenezuela.gob.ve\/index.php\/wp-json\/wp\/v2\/users\/6"}],"replies":[{"embeddable":true,"href":"https:\/\/prensapresidencialvenezuela.gob.ve\/index.php\/wp-json\/wp\/v2\/comments?post=2526"}],"version-history":[{"count":1,"href":"https:\/\/prensapresidencialvenezuela.gob.ve\/index.php\/wp-json\/wp\/v2\/posts\/2526\/revisions"}],"predecessor-version":[{"id":2529,"href":"https:\/\/prensapresidencialvenezuela.gob.ve\/index.php\/wp-json\/wp\/v2\/posts\/2526\/revisions\/2529"}],"wp:featuredmedia":[{"embeddable":true,"href":"https:\/\/prensapresidencialvenezuela.gob.ve\/index.php\/wp-json\/wp\/v2\/media\/2528"}],"wp:attachment":[{"href":"https:\/\/prensapresidencialvenezuela.gob.ve\/index.php\/wp-json\/wp\/v2\/media?parent=2526"}],"wp:term":[{"taxonomy":"category","embeddable":true,"href":"https:\/\/prensapresidencialvenezuela.gob.ve\/index.php\/wp-json\/wp\/v2\/categories?post=2526"},{"taxonomy":"post_tag","embeddable":true,"href":"https:\/\/prensapresidencialvenezuela.gob.ve\/index.php\/wp-json\/wp\/v2\/tags?post=2526"}],"curies":[{"name":"wp","href":"https:\/\/api.w.org\/{rel}","templated":true}]}}