{"id":2531,"date":"2022-06-16T17:52:00","date_gmt":"2022-06-16T17:52:00","guid":{"rendered":"http:\/\/172.27.0.121\/?p=2531"},"modified":"2022-07-13T17:53:21","modified_gmt":"2022-07-13T17:53:21","slug":"presidente-aboga-por-relaciones-prosperas-con-nuevo-gobierno-colombiano","status":"publish","type":"post","link":"https:\/\/prensapresidencialvenezuela.gob.ve\/index.php\/2022\/06\/16\/presidente-aboga-por-relaciones-prosperas-con-nuevo-gobierno-colombiano\/","title":{"rendered":"Presidente aboga por relaciones pr\u00f3speras con nuevo gobierno colombiano"},"content":{"rendered":"\n<p><strong>Doha, Estado de Qatar. \u2013 <\/strong>El presidente de la Rep\u00fablica Bolivariana de Venezuela, Nicol\u00e1s Maduro, en una entrevista con <em>Al-Jazeera<\/em>, espera que el gobierno que llegue a Colombia inicie un camino de relaciones positivas con Venezuela.<\/p>\n\n\n\n<p>\u201cOjal\u00e1 que el gobierno que llegue a Colombia comience un camino para relaciones positivas con Venezuela\u201d, ratific\u00f3 el Dignatario venezolano, al recordar que el pr\u00f3ximo domingo, 19 de junio, hay elecciones en la naci\u00f3n vecina, contexto en el que \u201cnosotros respetamos al pueblo de Colombia y no nos pronunciamos sobre las elecciones en Colombia, esperemos que de manera soberana el pueblo de Colombia decida\u201d.<\/p>\n\n\n\n<p>Sostuvo que los v\u00ednculos entre Venezuela y Colombia se inscriben en una continuidad hist\u00f3rica, porque \u201cBol\u00edvar es el fundador de la Patria Grande, el gran libertador de Am\u00e9rica. Ch\u00e1vez, el gran l\u00edder revolucionario del siglo XXI, que resucit\u00f3 la idea de Bol\u00edvar y yo soy el continuador que llevo las banderas de Bol\u00edvar y Ch\u00e1vez. Esa es la uni\u00f3n de una sola fuerza espiritual. Bol\u00edvar, Ch\u00e1vez, Maduro\u201d.<\/p>\n\n\n\n<p>Argument\u00f3 el presidente Maduro que diferencias siempre hay, precisamente porque \u201clas \u00e9pocas son diferentes, los problemas que hemos enfrentado son diferentes, la personalidad siempre ser\u00e1 diferente, as\u00ed que lo que mas nos caracteriza a nosotros no es la diferencia de la \u00e9poca, sino la uni\u00f3n firma del ideal original de Bol\u00edvar ahora en el siglo XXI\u201d.<\/p>\n\n\n\n<p>Preguntado por el viraje que ha vivido la regi\u00f3n latinoamericana y del Caribe con las fuerzas progresistas, manifest\u00f3 que en \u201cAm\u00e9rica Latina y el Caribe ya tenemos 20 a\u00f1os viendo el surgimiento de liderazgos nuevos. El comandante Ch\u00e1vez encabez\u00f3 la primera ola de liderazgos progresistas y de izquierda, de revolucionarios. Todos los pa\u00edses de Am\u00e9rica Latina tienen poderosos movimientos populares, rebeldes que quieren la uni\u00f3n de nuestro continente\u201d.<\/p>\n\n\n\n<p><strong>Prensa Presidencial\/Ana\u00eds P\u00e9rez<\/strong><\/p>\n\n\n\n<p><a rel=\"noreferrer noopener\" href=\"http:\/\/www.minci.gob.ve\/presidente-aboga-por-relaciones-prosperas-con-nuevo-gobierno-colombiano\/#\" target=\"_blank\"><\/a><\/p>\n\n\n\n<p><a rel=\"noreferrer noopener\" href=\"https:\/\/plus.google.com\/share?url=http:\/\/www.minci.gob.ve\/presidente-aboga-por-relaciones-prosperas-con-nuevo-gobierno-colombiano\/\" target=\"_blank\"><\/a><\/p>\n\n\n\n<p><a href=\"whatsapp:\/\/send?text=Presidente%20aboga%20por%20relaciones%20pr\u00f3speras%20con%20nuevo%20gobierno%20colombiano%20http%3A%2F%2Fwww.minci.gob.ve%2F%3Fp%3D433322\"><\/a><\/p>\n\n\n\n<p><a rel=\"noreferrer noopener\" href=\"\/\/msg?text=Presidente%20aboga%20por%20relaciones%20pr\u00f3speras%20con%20nuevo%20gobierno%20colombiano%20http%3A%2F%2Fwww.minci.gob.ve%2F%3Fp%3D433322\" target=\"_blank\"><\/a><\/p>\n\n\n\n<p><a rel=\"noreferrer noopener\" href=\"sms:&amp;body=Presidente%20aboga%20por%20relaciones%20pr\u00f3speras%20con%20nuevo%20gobierno%20colombiano%20http%3A%2F%2Fwww.minci.gob.ve%2F%3Fp%3D433322\" target=\"_blank\"><\/a><\/p>\n\n\n\n<p><a rel=\"noreferrer noopener\" href=\"http:\/\/compose.mail.yahoo.com\/?body=http:\/\/www.minci.gob.ve\/presidente-aboga-por-relaciones-prosperas-con-nuevo-gobierno-colombiano\/\" target=\"_blank\"><\/a><\/p>\n\n\n\n<p><a rel=\"noreferrer noopener\" href=\"https:\/\/mail.google.com\/mail\/u\/0\/?view=cm&amp;fs=1&amp;su=Presidente+aboga+por+relaciones+pr%C3%B3speras+con+nuevo+gobierno+colombiano&amp;body=http:\/\/www.minci.gob.ve\/presidente-aboga-por-relaciones-prosperas-con-nuevo-gobierno-colombiano\/&amp;ui=2&amp;tf=1\" target=\"_blank\"><\/a><\/p>\n","protected":false},"excerpt":{"rendered":"<p>Doha, Estado de Qatar. \u2013 El presidente de la Rep\u00fablica Bolivariana de Venezuela, Nicol\u00e1s Maduro, en una entrevista con Al-Jazeera, espera que el gobierno que llegue a Colombia inicie un camino de relaciones positivas con Venezuela. \u201cOjal\u00e1 que el gobierno que llegue a Colombia comience un camino para relaciones positivas con Venezuela\u201d, ratific\u00f3 el Dignatario [&hellip;]<\/p>\n","protected":false},"author":6,"featured_media":2533,"comment_status":"open","ping_status":"open","sticky":false,"template":"","format":"standard","meta":{"footnotes":""},"categories":[7],"tags":[],"class_list":["post-2531","post","type-post","status-publish","format-standard","has-post-thumbnail","hentry","category-notas-de-prensa"],"_links":{"self":[{"href":"https:\/\/prensapresidencialvenezuela.gob.ve\/index.php\/wp-json\/wp\/v2\/posts\/2531","targetHints":{"allow":["GET"]}}],"collection":[{"href":"https:\/\/prensapresidencialvenezuela.gob.ve\/index.php\/wp-json\/wp\/v2\/posts"}],"about":[{"href":"https:\/\/prensapresidencialvenezuela.gob.ve\/index.php\/wp-json\/wp\/v2\/types\/post"}],"author":[{"embeddable":true,"href":"https:\/\/prensapresidencialvenezuela.gob.ve\/index.php\/wp-json\/wp\/v2\/users\/6"}],"replies":[{"embeddable":true,"href":"https:\/\/prensapresidencialvenezuela.gob.ve\/index.php\/wp-json\/wp\/v2\/comments?post=2531"}],"version-history":[{"count":1,"href":"https:\/\/prensapresidencialvenezuela.gob.ve\/index.php\/wp-json\/wp\/v2\/posts\/2531\/revisions"}],"predecessor-version":[{"id":2534,"href":"https:\/\/prensapresidencialvenezuela.gob.ve\/index.php\/wp-json\/wp\/v2\/posts\/2531\/revisions\/2534"}],"wp:featuredmedia":[{"embeddable":true,"href":"https:\/\/prensapresidencialvenezuela.gob.ve\/index.php\/wp-json\/wp\/v2\/media\/2533"}],"wp:attachment":[{"href":"https:\/\/prensapresidencialvenezuela.gob.ve\/index.php\/wp-json\/wp\/v2\/media?parent=2531"}],"wp:term":[{"taxonomy":"category","embeddable":true,"href":"https:\/\/prensapresidencialvenezuela.gob.ve\/index.php\/wp-json\/wp\/v2\/categories?post=2531"},{"taxonomy":"post_tag","embeddable":true,"href":"https:\/\/prensapresidencialvenezuela.gob.ve\/index.php\/wp-json\/wp\/v2\/tags?post=2531"}],"curies":[{"name":"wp","href":"https:\/\/api.w.org\/{rel}","templated":true}]}}