{"id":2535,"date":"2022-06-17T17:53:00","date_gmt":"2022-06-17T17:53:00","guid":{"rendered":"http:\/\/172.27.0.121\/?p=2535"},"modified":"2022-07-13T17:55:40","modified_gmt":"2022-07-13T17:55:40","slug":"presidente-maduro-rinde-honores-al-monumento-del-lider-heydar-aliyev-en-azerbaiyan","status":"publish","type":"post","link":"https:\/\/prensapresidencialvenezuela.gob.ve\/index.php\/2022\/06\/17\/presidente-maduro-rinde-honores-al-monumento-del-lider-heydar-aliyev-en-azerbaiyan\/","title":{"rendered":"Presidente Maduro rinde honores al Monumento del L\u00edder Heydar Aliyev en Azerbaiy\u00e1n"},"content":{"rendered":"\n<p><strong>Bak\u00fa, Azerbaiy\u00e1n.- <\/strong>El presidente de la Rep\u00fablica Bolivariana de Venezuela, Nicol\u00e1s Maduro Moros, rinde honores al Monumento del L\u00edder Heydar Aliyev, ubicado en Bak\u00fa, como parte de la visita de trabajo que realiza en Azerbaiy\u00e1n, en aras de fortalecer los lazos de complementariedad, cooperaci\u00f3n y hermandad.<\/p>\n\n\n\n<p>Durante la visita deposit\u00f3 una ofrenda floral en la tumba del fundador del moderno estado independiente de Azerbaiy\u00e1n, el l\u00edder nacional Heydar Aliyev. Asimismo, recorre los espacios del Callej\u00f3n de Honores, ubicados en medio de una zona boscosa.<\/p>\n\n\n\n<p>En el acto protocolar est\u00e1 acompa\u00f1ado por la primera combatiente y diputada a la Asamblea Nacional (AN), Cilia Flores, as\u00ed como por el viceministro de Relaciones Exteriores, Mahmud Mammadguliyev, y Eldar Azizov, alcalde de la ciudad de Bak\u00fa.<\/p>\n\n\n\n<p>La visita del presidente Maduro est\u00e1 enmarcada en la gira por Eurasia y parte de \u00c1frica, como parte de la consolidaci\u00f3n de acuerdos pol\u00edticos, econ\u00f3micos, sociales y culturales, en aras de impulsar la diplomacia entre los pueblos del mundo.<\/p>\n\n\n\n<p><strong>Prensa Presidencial\/Joelin Jim\u00e9nez<\/strong><\/p>\n\n\n\n<p><a rel=\"noreferrer noopener\" href=\"http:\/\/www.minci.gob.ve\/presidente-maduro-rinde-honores-al-monumento-del-lider-heydar-aliyev-en-azerbaiyan\/#\" target=\"_blank\"><\/a><\/p>\n\n\n\n<p><a rel=\"noreferrer noopener\" href=\"https:\/\/plus.google.com\/share?url=http:\/\/www.minci.gob.ve\/presidente-maduro-rinde-honores-al-monumento-del-lider-heydar-aliyev-en-azerbaiyan\/\" target=\"_blank\"><\/a><\/p>\n\n\n\n<p><a href=\"whatsapp:\/\/send?text=Presidente%20Maduro%20rinde%20honores%20al%20Monumento%20del%20L\u00edder%20Heydar%20Aliyev%20en%20Azerbaiy\u00e1n%20http%3A%2F%2Fwww.minci.gob.ve%2F%3Fp%3D433324\"><\/a><\/p>\n\n\n\n<p><a rel=\"noreferrer noopener\" href=\"\/\/msg?text=Presidente%20Maduro%20rinde%20honores%20al%20Monumento%20del%20L\u00edder%20Heydar%20Aliyev%20en%20Azerbaiy\u00e1n%20http%3A%2F%2Fwww.minci.gob.ve%2F%3Fp%3D433324\" target=\"_blank\"><\/a><\/p>\n\n\n\n<p><a rel=\"noreferrer noopener\" href=\"sms:&amp;body=Presidente%20Maduro%20rinde%20honores%20al%20Monumento%20del%20L\u00edder%20Heydar%20Aliyev%20en%20Azerbaiy\u00e1n%20http%3A%2F%2Fwww.minci.gob.ve%2F%3Fp%3D433324\" target=\"_blank\"><\/a><\/p>\n\n\n\n<p><a rel=\"noreferrer noopener\" href=\"http:\/\/compose.mail.yahoo.com\/?body=http:\/\/www.minci.gob.ve\/presidente-maduro-rinde-honores-al-monumento-del-lider-heydar-aliyev-en-azerbaiyan\/\" target=\"_blank\"><\/a><\/p>\n\n\n\n<p><a rel=\"noreferrer noopener\" href=\"https:\/\/mail.google.com\/mail\/u\/0\/?view=cm&amp;fs=1&amp;su=Presidente+Maduro+rinde+honores+al+Monumento+del+L%C3%ADder+Heydar+Aliyev+en+Azerbaiy%C3%A1n&amp;body=http:\/\/www.minci.gob.ve\/presidente-maduro-rinde-honores-al-monumento-del-lider-heydar-aliyev-en-azerbaiyan\/&amp;ui=2&amp;tf=1\" target=\"_blank\"><\/a><\/p>\n","protected":false},"excerpt":{"rendered":"<p>Bak\u00fa, Azerbaiy\u00e1n.- El presidente de la Rep\u00fablica Bolivariana de Venezuela, Nicol\u00e1s Maduro Moros, rinde honores al Monumento del L\u00edder Heydar Aliyev, ubicado en Bak\u00fa, como parte de la visita de trabajo que realiza en Azerbaiy\u00e1n, en aras de fortalecer los lazos de complementariedad, cooperaci\u00f3n y hermandad. Durante la visita deposit\u00f3 una ofrenda floral en la [&hellip;]<\/p>\n","protected":false},"author":6,"featured_media":2537,"comment_status":"open","ping_status":"open","sticky":false,"template":"","format":"standard","meta":{"footnotes":""},"categories":[7],"tags":[],"class_list":["post-2535","post","type-post","status-publish","format-standard","has-post-thumbnail","hentry","category-notas-de-prensa"],"_links":{"self":[{"href":"https:\/\/prensapresidencialvenezuela.gob.ve\/index.php\/wp-json\/wp\/v2\/posts\/2535","targetHints":{"allow":["GET"]}}],"collection":[{"href":"https:\/\/prensapresidencialvenezuela.gob.ve\/index.php\/wp-json\/wp\/v2\/posts"}],"about":[{"href":"https:\/\/prensapresidencialvenezuela.gob.ve\/index.php\/wp-json\/wp\/v2\/types\/post"}],"author":[{"embeddable":true,"href":"https:\/\/prensapresidencialvenezuela.gob.ve\/index.php\/wp-json\/wp\/v2\/users\/6"}],"replies":[{"embeddable":true,"href":"https:\/\/prensapresidencialvenezuela.gob.ve\/index.php\/wp-json\/wp\/v2\/comments?post=2535"}],"version-history":[{"count":1,"href":"https:\/\/prensapresidencialvenezuela.gob.ve\/index.php\/wp-json\/wp\/v2\/posts\/2535\/revisions"}],"predecessor-version":[{"id":2538,"href":"https:\/\/prensapresidencialvenezuela.gob.ve\/index.php\/wp-json\/wp\/v2\/posts\/2535\/revisions\/2538"}],"wp:featuredmedia":[{"embeddable":true,"href":"https:\/\/prensapresidencialvenezuela.gob.ve\/index.php\/wp-json\/wp\/v2\/media\/2537"}],"wp:attachment":[{"href":"https:\/\/prensapresidencialvenezuela.gob.ve\/index.php\/wp-json\/wp\/v2\/media?parent=2535"}],"wp:term":[{"taxonomy":"category","embeddable":true,"href":"https:\/\/prensapresidencialvenezuela.gob.ve\/index.php\/wp-json\/wp\/v2\/categories?post=2535"},{"taxonomy":"post_tag","embeddable":true,"href":"https:\/\/prensapresidencialvenezuela.gob.ve\/index.php\/wp-json\/wp\/v2\/tags?post=2535"}],"curies":[{"name":"wp","href":"https:\/\/api.w.org\/{rel}","templated":true}]}}