{"id":2549,"date":"2022-02-16T17:40:00","date_gmt":"2022-02-16T17:40:00","guid":{"rendered":"http:\/\/172.27.0.121\/?p=2549"},"modified":"2022-07-13T18:02:40","modified_gmt":"2022-07-13T18:02:40","slug":"ali-primera-un-canto-infinito-de-lucha-y-combate","status":"publish","type":"post","link":"https:\/\/prensapresidencialvenezuela.gob.ve\/index.php\/2022\/02\/16\/ali-primera-un-canto-infinito-de-lucha-y-combate\/","title":{"rendered":"Al\u00ed Primera, un canto infinito de lucha y combate"},"content":{"rendered":"\n<p><strong>Palacio de Miraflores, Caracas.-\u00a0<\/strong>Un legado en la m\u00fasica y el cant\u00f3 de Al\u00ed Primera, se valora con su espiritualidad combativa al cantarle con su guitarra a todo y a todos\u00a0 en un compromiso irreductible por las causas justas y en un canto infinito de lucha. Hoy a 37 a\u00f1os de su siembra el pueblo venezolano le rinde homenaje a su legado ideol\u00f3gico, pol\u00edtico, cultural y social.<\/p>\n\n\n\n<p>En sus versos, m\u00fasica&nbsp; y poes\u00edas se expresaban los que nunca tuvieron voz, las luchas del pueblo por su emancipaci\u00f3n, la protesta contra los modelos dominantes y de explotaci\u00f3n, la cr\u00edtica a los sistemas hambreadores de Venezuela y el mundo, y la palabra hecha m\u00fasica con pasi\u00f3n por la esperanza de la vida.<\/p>\n\n\n\n<p>El 31 de octubre de 1941, nace en Falc\u00f3n,Ely Rafael Primera Rossell, hijo de Antonio Primera y Carmen Adela Rossell, un ni\u00f1o que al transitar por los a\u00f1os, atesor\u00f3 el amor por un pueblo y cuya expresi\u00f3n se sentir\u00eda en el arte musical, pues a trav\u00e9s de las letras de sus canciones sembrar\u00eda las semillas de libertad y patriotismo.<\/p>\n\n\n\n<p>Este ni\u00f1o de tan s\u00f3lo 6 a\u00f1os por causa de la pobreza y la desigualdad social existente en el pa\u00eds, realiz\u00f3 varios oficios: desde limpiabotas hasta boxeador. A\u00f1os despu\u00e9s comenz\u00f3 estudios para obtener el t\u00edtulo de bachiller, posteriormente curs\u00f3 en la facultad de ciencias en la Universidad Central de Venezuela, estudios de Qu\u00edmica y es all\u00ed, que comienza su trayectoria como cantante; carrera que asumir\u00eda a tiempo completo.<\/p>\n\n\n\n<p>Ely Rafael Primera Rossell\u200b, destin\u00f3 su vida a la m\u00fasica como cantante, compositor, adem\u00e1s de poeta, activista pol\u00edtico y militante comunista venezolano, es consagrado como \u00abEl Cantor del Pueblo Venezolano\u00bb.<\/p>\n\n\n\n<p>Al\u00ed Primera se despidi\u00f3 la madrugada del s\u00e1bado 16 de febrero de 1985, tras un tr\u00e1gico accidente de tr\u00e1nsito y la fecha recuerda con amor&nbsp; su legado con la Marcha de los Claveles Rojos, especialmente en estado Falc\u00f3n, tierra que lo vio nacer.<\/p>\n\n\n\n<p>En su conexi\u00f3n con los problemas sociales el Padre Cantor Al\u00ed Primera, compuso temas que fueron despertando la conciencia del pueblo entre los que se cuentan&nbsp;&nbsp;<em>Los Techos de Cart\u00f3n<\/em>, tema lanzado en 1972, quehace referencia a la situaci\u00f3n diaria que viven los pobres de Am\u00e9rica, en especial los ni\u00f1os, denunciando adem\u00e1s la brutal desigualdad e injusticia social.<\/p>\n\n\n\n<p>Otro de&nbsp; sus \u00e9xitos musicales fue&nbsp;<em>Los que mueren por la vida,<\/em>&nbsp;del \u00e1lbum&nbsp;<em>Canci\u00f3n mansa para un pueblo bravo.<\/em>&nbsp;Al\u00ed insta al pueblo a alzar su voz y a manifestarse, sin espacios para la cobard\u00eda, contra los opresores.<\/p>\n\n\n\n<p><em>Canci\u00f3n mansa para un pueblo bravo<\/em>, nacida en 1976, evocaba la bravura de un pueblo que demandaba justicia social y para entonces Al\u00ed expres\u00f3: \u201cNo canto porque existe la miseria, sino porque existe la posibilidad de borrarla, y de erradicarla de la faz de la tierra\u201d.<\/p>\n\n\n\n<p>M\u00e1s tarde, en 1977, Al\u00ed lanza el \u00e1lbum&nbsp;<em>La patria es el hombre,&nbsp;<\/em>y su tema central del mismo nombre, expresa al hombre como humano.El cantor expresa que la tristeza de su pueblo se ha convertido en fuerza, y alienta en la juventud el sentimiento patri\u00f3tico que cada uno deber\u00eda tener por su pa\u00eds.<\/p>\n\n\n\n<p><em>Tin Mar\u00edn<\/em>, fue una canci\u00f3n escrita por el cantante venezolano luego de la tragedia que sufrieron sus amigos del \u201cGrupo Madera\u201d, gran conjunto musical venezolano que perdi\u00f3 a 19 de sus integrantes ahogados en un accidente durante una gira, el 15 de agosto de 1980.<\/p>\n\n\n\n<p>En el contexto hist\u00f3rico con sus letras, Al\u00ed Primera, inspir\u00f3 a varias generaciones, que con el tiempo tomar\u00edan su bandera de amor por el pueblo, y por la patria como ocurri\u00f3 con el Comandante Eterno Hugo Ch\u00e1vez, quien rindi\u00f3 homenaje a su memoria en diversas oportunidades y con su acci\u00f3n revolucionaria dignific\u00f3 las luchas del soberano.<\/p>\n\n\n\n<p>Ch\u00e1vez,&nbsp; cont\u00f3 duranteel Al\u00f3 Presidente # 97, celebrado en la parroquia La Vega que cuando era capit\u00e1n, andaba con sus soldados, y o\u00edan las canciones de Al\u00ed Primera, \u201cd\u00edgame aquella canci\u00f3n que habla de Bol\u00edvar, era un gran bolivariano Al\u00ed Primera\u201d, expres\u00f3.<\/p>\n\n\n\n<p>Su legado es exaltado tambi\u00e9n por el Presidente de la Rep\u00fablica Nicol\u00e1s Maduro, quien lo evoca en la cotidiana lucha antiimperialista que libra toda la patria venezolana.<\/p>\n\n\n\n<p>El jefe de Estado ha expresado que Al\u00ed es inspiraci\u00f3n para los pueblos: \u201cConmemoramos 35 a\u00f1os de la siembra del hombre que hizo del canto, una trinchera de esperanza para un pueblo que estuvo durante a\u00f1os, sumergido en la oscuridad. Al\u00ed Primera es sin\u00f3nimo de resistencia y rebeld\u00eda. Reivindiquemos todos los d\u00edas con acci\u00f3n, el legado del Padre Cantor\u201d, escribi\u00f3 en 2021.<\/p>\n\n\n\n<p>Para recordar a Al\u00ed Primera, hoy ya no s\u00f3lo se escucha una \u00abCanci\u00f3n bolivariana\u00bb, pues ahora nuestros ni\u00f1os y ni\u00f1as de Venezuela se encuentran todos los d\u00edas con Bol\u00edvar en las escuelas. En Venezuela, hombres y mujeres hacemos \u00a1Patria! y somos mansos, sabios y con fervor y pasi\u00f3n defendemos la independencia que hemos recuperado.<\/p>\n\n\n\n<p>Como nos dijo el Comandante Hugo Ch\u00e1vez, rendimos tributo a Al\u00ed Primera porque \u201csus canciones no cayeron en tierra seca, cayeron en tierra mojada, abonada, para la siembra generosa que aqu\u00ed brot\u00f3\u201d.<\/p>\n\n\n\n<p><strong>Prensa Presidencial\/ Eduardo Hueck<\/strong><\/p>\n","protected":false},"excerpt":{"rendered":"<p>Palacio de Miraflores, Caracas.-\u00a0Un legado en la m\u00fasica y el cant\u00f3 de Al\u00ed Primera, se valora con su espiritualidad combativa al cantarle con su guitarra a todo y a todos\u00a0 en un compromiso irreductible por las causas justas y en un canto infinito de lucha. Hoy a 37 a\u00f1os de su siembra el pueblo venezolano [&hellip;]<\/p>\n","protected":false},"author":6,"featured_media":2555,"comment_status":"open","ping_status":"open","sticky":false,"template":"","format":"standard","meta":{"footnotes":""},"categories":[10],"tags":[],"class_list":["post-2549","post","type-post","status-publish","format-standard","has-post-thumbnail","hentry","category-especiales"],"_links":{"self":[{"href":"https:\/\/prensapresidencialvenezuela.gob.ve\/index.php\/wp-json\/wp\/v2\/posts\/2549","targetHints":{"allow":["GET"]}}],"collection":[{"href":"https:\/\/prensapresidencialvenezuela.gob.ve\/index.php\/wp-json\/wp\/v2\/posts"}],"about":[{"href":"https:\/\/prensapresidencialvenezuela.gob.ve\/index.php\/wp-json\/wp\/v2\/types\/post"}],"author":[{"embeddable":true,"href":"https:\/\/prensapresidencialvenezuela.gob.ve\/index.php\/wp-json\/wp\/v2\/users\/6"}],"replies":[{"embeddable":true,"href":"https:\/\/prensapresidencialvenezuela.gob.ve\/index.php\/wp-json\/wp\/v2\/comments?post=2549"}],"version-history":[{"count":1,"href":"https:\/\/prensapresidencialvenezuela.gob.ve\/index.php\/wp-json\/wp\/v2\/posts\/2549\/revisions"}],"predecessor-version":[{"id":2557,"href":"https:\/\/prensapresidencialvenezuela.gob.ve\/index.php\/wp-json\/wp\/v2\/posts\/2549\/revisions\/2557"}],"wp:featuredmedia":[{"embeddable":true,"href":"https:\/\/prensapresidencialvenezuela.gob.ve\/index.php\/wp-json\/wp\/v2\/media\/2555"}],"wp:attachment":[{"href":"https:\/\/prensapresidencialvenezuela.gob.ve\/index.php\/wp-json\/wp\/v2\/media?parent=2549"}],"wp:term":[{"taxonomy":"category","embeddable":true,"href":"https:\/\/prensapresidencialvenezuela.gob.ve\/index.php\/wp-json\/wp\/v2\/categories?post=2549"},{"taxonomy":"post_tag","embeddable":true,"href":"https:\/\/prensapresidencialvenezuela.gob.ve\/index.php\/wp-json\/wp\/v2\/tags?post=2549"}],"curies":[{"name":"wp","href":"https:\/\/api.w.org\/{rel}","templated":true}]}}