{"id":2563,"date":"2022-06-18T18:05:00","date_gmt":"2022-06-18T18:05:00","guid":{"rendered":"http:\/\/172.27.0.121\/?p=2563"},"modified":"2022-07-13T18:07:54","modified_gmt":"2022-07-13T18:07:54","slug":"un-mundo-pluricentrico-y-multipolar-ya-surgio","status":"publish","type":"post","link":"https:\/\/prensapresidencialvenezuela.gob.ve\/index.php\/2022\/06\/18\/un-mundo-pluricentrico-y-multipolar-ya-surgio\/","title":{"rendered":"Un mundo pluricentrico y multipolar ya surgi\u00f3"},"content":{"rendered":"\n<p><strong>Maiquet\u00eda, estado La Guaira.-<\/strong> \u201cUn mundo pluric\u00e9ntrico y multipolar ya surgi\u00f3\u201d, enfatiz\u00f3 el presidente de la Rep\u00fablica Bolivariana de Venezuela, desde el Aeropuerto Internacional Sim\u00f3n Bol\u00edvar, ubicado en Maiquet\u00eda, tras su gira euroasi\u00e1tica que lo llev\u00f3 a T\u00fcrkiye, Argelia, Ir\u00e1n, Kuwait, Qatar y Arzebayan.<\/p>\n\n\n\n<p>Indico que en est\u00e1s seis naciones emergentes se han logrado trabajar temas claves. \u201c Todos son pa\u00edses emergentes del nuevo mundo que se est\u00e1 construyendo y traemos en nuestras manos grandes acuerdos en cuanto a inversi\u00f3n de petr\u00f3leo, gas, agricultura, alimentos, turismo, transporte a\u00e9reo\u201d, as\u00ed c\u00f3mo grandes acuerdos en el campo de la ciencia y la tecnolog\u00eda .<\/p>\n\n\n\n<p>En este particular, anunci\u00f3 que ser\u00e1n enviados \u201ccientos de j\u00f3venes a estudiar en estos pa\u00edses en el \u00e1rea de la ciencia, la tecnolog\u00eda, innovaci\u00f3n del siglo XXI, educaci\u00f3n, cultura. (\u2026.) Es Venezuela abierta al mundo\u201d, porque tambi\u00e9n vendr\u00e1n j\u00f3venes de estas naciones al pa\u00eds suramericano.<\/p>\n\n\n\n<p>El presidente Maduro ratific\u00f3 que ha sido una gira que se realiz\u00f3 en el momento preciso y que est\u00e1 ha sido victoriosa y exitosa. \u201cAqu\u00ed vamos de pie, contentos y listos para seguir la batalla por nuestra Patria\u201d.<\/p>\n\n\n\n<p>Inform\u00f3 que a partir de la pr\u00f3xima semana se celebrar\u00e1n encuentros en Caracas con los emisarios de los pa\u00edses que contempl\u00f3 en la gira, para los acuerdos espec\u00edficos de inversi\u00f3n en gas, petroqu\u00edmica, petroleo y producci\u00f3n de alimentos en el pa\u00eds.<\/p>\n\n\n\n<p>Se\u00f1al\u00f3 que se estar\u00e1n generando proyectos innovadores que favorecer\u00e1 la exportaci\u00f3n de productos venezolanos. \u201cVamos a tomar por pa\u00eds un grupo importante de territorio para producir alimentos que van a vender de manera cualitativa a esos pa\u00edses(\u2026) y vamos a venderlo al mercado nacional\u201d. \u00b4\u00b4<\/p>\n\n\n\n<p><strong>Prensa Presidencial\/Ana\u00eds P\u00e9rez<\/strong><\/p>\n\n\n\n<p><a rel=\"noreferrer noopener\" href=\"http:\/\/www.minci.gob.ve\/un-mundo-pluricentrico-y-multipolar-ya-surgio\/#\" target=\"_blank\"><\/a><\/p>\n\n\n\n<p><a rel=\"noreferrer noopener\" href=\"https:\/\/plus.google.com\/share?url=http:\/\/www.minci.gob.ve\/un-mundo-pluricentrico-y-multipolar-ya-surgio\/\" target=\"_blank\"><\/a><\/p>\n\n\n\n<p><a href=\"whatsapp:\/\/send?text=Un%20mundo%20pluricentrico%20y%20multipolar%20ya%20surgi\u00f3%20http%3A%2F%2Fwww.minci.gob.ve%2F%3Fp%3D433355\"><\/a><\/p>\n\n\n\n<p><a rel=\"noreferrer noopener\" href=\"\/\/msg?text=Un%20mundo%20pluricentrico%20y%20multipolar%20ya%20surgi\u00f3%20http%3A%2F%2Fwww.minci.gob.ve%2F%3Fp%3D433355\" target=\"_blank\"><\/a><\/p>\n\n\n\n<p><a rel=\"noreferrer noopener\" href=\"sms:&amp;body=Un%20mundo%20pluricentrico%20y%20multipolar%20ya%20surgi\u00f3%20http%3A%2F%2Fwww.minci.gob.ve%2F%3Fp%3D433355\" target=\"_blank\"><\/a><\/p>\n\n\n\n<p><a rel=\"noreferrer noopener\" href=\"http:\/\/compose.mail.yahoo.com\/?body=http:\/\/www.minci.gob.ve\/un-mundo-pluricentrico-y-multipolar-ya-surgio\/\" target=\"_blank\"><\/a><\/p>\n\n\n\n<p><a rel=\"noreferrer noopener\" href=\"https:\/\/mail.google.com\/mail\/u\/0\/?view=cm&amp;fs=1&amp;su=Un+mundo+pluricentrico+y+multipolar+ya+surgi%C3%B3&amp;body=http:\/\/www.minci.gob.ve\/un-mundo-pluricentrico-y-multipolar-ya-surgio\/&amp;ui=2&amp;tf=1\" target=\"_blank\"><\/a><\/p>\n","protected":false},"excerpt":{"rendered":"<p>Maiquet\u00eda, estado La Guaira.- \u201cUn mundo pluric\u00e9ntrico y multipolar ya surgi\u00f3\u201d, enfatiz\u00f3 el presidente de la Rep\u00fablica Bolivariana de Venezuela, desde el Aeropuerto Internacional Sim\u00f3n Bol\u00edvar, ubicado en Maiquet\u00eda, tras su gira euroasi\u00e1tica que lo llev\u00f3 a T\u00fcrkiye, Argelia, Ir\u00e1n, Kuwait, Qatar y Arzebayan. Indico que en est\u00e1s seis naciones emergentes se han logrado trabajar [&hellip;]<\/p>\n","protected":false},"author":6,"featured_media":2564,"comment_status":"open","ping_status":"open","sticky":false,"template":"","format":"standard","meta":{"footnotes":""},"categories":[7],"tags":[],"class_list":["post-2563","post","type-post","status-publish","format-standard","has-post-thumbnail","hentry","category-notas-de-prensa"],"_links":{"self":[{"href":"https:\/\/prensapresidencialvenezuela.gob.ve\/index.php\/wp-json\/wp\/v2\/posts\/2563","targetHints":{"allow":["GET"]}}],"collection":[{"href":"https:\/\/prensapresidencialvenezuela.gob.ve\/index.php\/wp-json\/wp\/v2\/posts"}],"about":[{"href":"https:\/\/prensapresidencialvenezuela.gob.ve\/index.php\/wp-json\/wp\/v2\/types\/post"}],"author":[{"embeddable":true,"href":"https:\/\/prensapresidencialvenezuela.gob.ve\/index.php\/wp-json\/wp\/v2\/users\/6"}],"replies":[{"embeddable":true,"href":"https:\/\/prensapresidencialvenezuela.gob.ve\/index.php\/wp-json\/wp\/v2\/comments?post=2563"}],"version-history":[{"count":1,"href":"https:\/\/prensapresidencialvenezuela.gob.ve\/index.php\/wp-json\/wp\/v2\/posts\/2563\/revisions"}],"predecessor-version":[{"id":2565,"href":"https:\/\/prensapresidencialvenezuela.gob.ve\/index.php\/wp-json\/wp\/v2\/posts\/2563\/revisions\/2565"}],"wp:featuredmedia":[{"embeddable":true,"href":"https:\/\/prensapresidencialvenezuela.gob.ve\/index.php\/wp-json\/wp\/v2\/media\/2564"}],"wp:attachment":[{"href":"https:\/\/prensapresidencialvenezuela.gob.ve\/index.php\/wp-json\/wp\/v2\/media?parent=2563"}],"wp:term":[{"taxonomy":"category","embeddable":true,"href":"https:\/\/prensapresidencialvenezuela.gob.ve\/index.php\/wp-json\/wp\/v2\/categories?post=2563"},{"taxonomy":"post_tag","embeddable":true,"href":"https:\/\/prensapresidencialvenezuela.gob.ve\/index.php\/wp-json\/wp\/v2\/tags?post=2563"}],"curies":[{"name":"wp","href":"https:\/\/api.w.org\/{rel}","templated":true}]}}