{"id":2576,"date":"2022-06-20T18:13:00","date_gmt":"2022-06-20T18:13:00","guid":{"rendered":"http:\/\/172.27.0.121\/?p=2576"},"modified":"2022-07-13T18:14:36","modified_gmt":"2022-07-13T18:14:36","slug":"maduro-hay-una-percepcion-mundial-de-victoria-de-venezuela","status":"publish","type":"post","link":"https:\/\/prensapresidencialvenezuela.gob.ve\/index.php\/2022\/06\/20\/maduro-hay-una-percepcion-mundial-de-victoria-de-venezuela\/","title":{"rendered":"Maduro: Hay una percepci\u00f3n mundial de victoria de Venezuela"},"content":{"rendered":"\n<p><strong>Altagracia, Caracas.-<\/strong> \u201cHay una percepci\u00f3n mundial de victoria del pueblo de Venezuela\u201d, destac\u00f3 el presidente de la Rep\u00fablica, Nicol\u00e1s Maduro, al se\u00f1alar las opiniones favorables de autoridades de Eurasia y el Norte de \u00c1frica sobre el proceso de recuperaci\u00f3n integral de la naci\u00f3n.<\/p>\n\n\n\n<p>Durante una reuni\u00f3n con el Consejo de Vicepresidentes Sectoriales de Gobierno, realizada en la sede de la Alcald\u00eda de Caracas, subray\u00f3 que es palpable la sensaci\u00f3n de \u201crespeto por la lucha del pueblo de Venezuela, por la resistencia\u201d y sus avances concretos que constituyen una base s\u00f3lida para establecer puentes de cooperaci\u00f3n para el desarrollo conjunto.<\/p>\n\n\n\n<p>\u201cHay una percepci\u00f3n mundial de logros, de avance, de recuperaci\u00f3n concreta y real, as\u00ed lo ven los l\u00edderes del mundo\u201d, recalc\u00f3, al tiempo que se\u00f1al\u00f3 que en su visita a T\u00fcrkiye, Argelia, Ir\u00e1n, Kuwait, Qatar y Azerbaiy\u00e1n \u201cvi afecto, admiraci\u00f3n, cari\u00f1o hacia Venezuela\u201d.<\/p>\n\n\n\n<p>En este sentido, el jefe de Estado puntualiz\u00f3 que el respeto expresado hacia el pueblo venezolano deriv\u00f3 en \u201cdeseo de trabajo y avance conjunto\u201d, compromiso que se manifest\u00f3 en \u201clos temas que se plantearon y en la viabilidad real de que la cooperaci\u00f3n se traduzca en resultados para el desarrollo de Venezuela\u201d.<\/p>\n\n\n\n<p>\u201cTodo este esfuerzo lo hacemos para poner el nombre de Venezuela en lo m\u00e1s alto, en la vanguardia de la nueva humanidad y de la cooperaci\u00f3n\u201d, resalt\u00f3.<\/p>\n\n\n\n<p>En relaci\u00f3n a la agenda de trabajo en Eurasia y el Norte de \u00c1frica, destac\u00f3 que se caracteriz\u00f3 por ser \u201cvictoriosa, triunfante y brillante para nuestro pueblo\u201d, dado que el di\u00e1logo bilateral permitir\u00e1 desarrollar estrategias que favorezcan al crecimiento econ\u00f3mico, productivo, industrial, cient\u00edfico y tecnol\u00f3gico de Venezuela.<\/p>\n\n\n\n<p><strong>Prensa Presidencial\/Karelis Gonz\u00e1lez<\/strong><\/p>\n","protected":false},"excerpt":{"rendered":"<p>Altagracia, Caracas.- \u201cHay una percepci\u00f3n mundial de victoria del pueblo de Venezuela\u201d, destac\u00f3 el presidente de la Rep\u00fablica, Nicol\u00e1s Maduro, al se\u00f1alar las opiniones favorables de autoridades de Eurasia y el Norte de \u00c1frica sobre el proceso de recuperaci\u00f3n integral de la naci\u00f3n. Durante una reuni\u00f3n con el Consejo de Vicepresidentes Sectoriales de Gobierno, realizada [&hellip;]<\/p>\n","protected":false},"author":6,"featured_media":2577,"comment_status":"open","ping_status":"open","sticky":false,"template":"","format":"standard","meta":{"footnotes":""},"categories":[7],"tags":[],"class_list":["post-2576","post","type-post","status-publish","format-standard","has-post-thumbnail","hentry","category-notas-de-prensa"],"_links":{"self":[{"href":"https:\/\/prensapresidencialvenezuela.gob.ve\/index.php\/wp-json\/wp\/v2\/posts\/2576","targetHints":{"allow":["GET"]}}],"collection":[{"href":"https:\/\/prensapresidencialvenezuela.gob.ve\/index.php\/wp-json\/wp\/v2\/posts"}],"about":[{"href":"https:\/\/prensapresidencialvenezuela.gob.ve\/index.php\/wp-json\/wp\/v2\/types\/post"}],"author":[{"embeddable":true,"href":"https:\/\/prensapresidencialvenezuela.gob.ve\/index.php\/wp-json\/wp\/v2\/users\/6"}],"replies":[{"embeddable":true,"href":"https:\/\/prensapresidencialvenezuela.gob.ve\/index.php\/wp-json\/wp\/v2\/comments?post=2576"}],"version-history":[{"count":1,"href":"https:\/\/prensapresidencialvenezuela.gob.ve\/index.php\/wp-json\/wp\/v2\/posts\/2576\/revisions"}],"predecessor-version":[{"id":2578,"href":"https:\/\/prensapresidencialvenezuela.gob.ve\/index.php\/wp-json\/wp\/v2\/posts\/2576\/revisions\/2578"}],"wp:featuredmedia":[{"embeddable":true,"href":"https:\/\/prensapresidencialvenezuela.gob.ve\/index.php\/wp-json\/wp\/v2\/media\/2577"}],"wp:attachment":[{"href":"https:\/\/prensapresidencialvenezuela.gob.ve\/index.php\/wp-json\/wp\/v2\/media?parent=2576"}],"wp:term":[{"taxonomy":"category","embeddable":true,"href":"https:\/\/prensapresidencialvenezuela.gob.ve\/index.php\/wp-json\/wp\/v2\/categories?post=2576"},{"taxonomy":"post_tag","embeddable":true,"href":"https:\/\/prensapresidencialvenezuela.gob.ve\/index.php\/wp-json\/wp\/v2\/tags?post=2576"}],"curies":[{"name":"wp","href":"https:\/\/api.w.org\/{rel}","templated":true}]}}