{"id":2585,"date":"2022-06-20T18:16:00","date_gmt":"2022-06-20T18:16:00","guid":{"rendered":"http:\/\/172.27.0.121\/?p=2585"},"modified":"2022-07-13T18:17:15","modified_gmt":"2022-07-13T18:17:15","slug":"desplegaran-bricomiles-en-todo-el-pais-para-rehabilitar-infraestructura-de-salud-y-educacion","status":"publish","type":"post","link":"https:\/\/prensapresidencialvenezuela.gob.ve\/index.php\/2022\/06\/20\/desplegaran-bricomiles-en-todo-el-pais-para-rehabilitar-infraestructura-de-salud-y-educacion\/","title":{"rendered":"Desplegar\u00e1n BRICOMILES en todo el pa\u00eds para rehabilitar infraestructura de salud y educaci\u00f3n"},"content":{"rendered":"\n<p><strong>Altagracia, Caracas.-<\/strong> El presidente de la Rep\u00fablica, Nicol\u00e1s Maduro Moros, anunci\u00f3 la creaci\u00f3n de las Brigadas Comunitarias Militares para la Salud y la Educaci\u00f3n (BRICOMILES), las cuales se desplegar\u00e1n en todo el pa\u00eds para dar respuesta a las denuncias presentadas a trav\u00e9s del 1\u00d710 del Buen Gobierno.<\/p>\n\n\n\n<p>En ese sentido, inform\u00f3 que el pr\u00f3ximo 25 de junio se dar\u00e1 inicio en los centros educativos del pa\u00eds a la conformaci\u00f3n de estas instancias, que proceder\u00e1n al levantamiento de necesidades para proceder a ejecutar los trabajos de reparaci\u00f3n de toda la infraestructura educativa que ha sido reportada a trav\u00e9s de la aplicaci\u00f3n VenApp.<\/p>\n\n\n\n<p>\u201cEl s\u00e1bado 2 de julio ya debemos estar en condiciones de arrancar las reparaciones profundas, estructurales y el embellecimiento de todas las escuelas, simoncitos y todos los liceos del pa\u00eds\u201d, expres\u00f3 el Mandatario.<\/p>\n\n\n\n<p>Por su parte, las Brigadas Comunitarias Militares de la Salud ser\u00e1n activadas a partir del 9 de julio, fecha en la cual deben realizarse las asambleas correspondientes y realizar las evaluaciones para la detecci\u00f3n de necesidades.<\/p>\n\n\n\n<p>\u201cEl s\u00e1bado 16 de julio arrancar\u00edamos con fuerza la reparaci\u00f3n y puesta en servicio de todo el sistema Barrio Adentro I y II, Ambulatorios, -Centros de Diagn\u00f3stico Integral- CDI, -Salas de Rehabilitaci\u00f3n Integral- SRI y -Centros de Alta Tecnolog\u00eda- CAT (\u2026) arrancamos arreglos, reactivaci\u00f3n y equipamiento\u201d, detall\u00f3.<\/p>\n\n\n\n<p>En ese contexto, el presidente Maduro hizo un llamado a todos los gobernadores, alcaldes y el Poder Popular a unir esfuerzos para subsanar las heridas que la guerra econ\u00f3mica ha dejado en la Patria.<\/p>\n\n\n\n<p>\u201cVamos todos y todas con el 1\u00d710 generando respuestas y soluciones, el 1\u00d710 del Buen Gobierno es para que nos pongamos las pilas\u201d dijo el Jefe de Estado, al tiempo que invit\u00f3 a todo el poder pol\u00edtico hacer un esfuerzo superior para dar respuestas efectivas al pueblo venezolano.<\/p>\n\n\n\n<p><strong>Prensa Presidencial\/Bianca Borrero<\/strong><\/p>\n","protected":false},"excerpt":{"rendered":"<p>Altagracia, Caracas.- El presidente de la Rep\u00fablica, Nicol\u00e1s Maduro Moros, anunci\u00f3 la creaci\u00f3n de las Brigadas Comunitarias Militares para la Salud y la Educaci\u00f3n (BRICOMILES), las cuales se desplegar\u00e1n en todo el pa\u00eds para dar respuesta a las denuncias presentadas a trav\u00e9s del 1\u00d710 del Buen Gobierno. En ese sentido, inform\u00f3 que el pr\u00f3ximo 25 [&hellip;]<\/p>\n","protected":false},"author":6,"featured_media":2586,"comment_status":"open","ping_status":"open","sticky":false,"template":"","format":"standard","meta":{"footnotes":""},"categories":[7],"tags":[],"class_list":["post-2585","post","type-post","status-publish","format-standard","has-post-thumbnail","hentry","category-notas-de-prensa"],"_links":{"self":[{"href":"https:\/\/prensapresidencialvenezuela.gob.ve\/index.php\/wp-json\/wp\/v2\/posts\/2585","targetHints":{"allow":["GET"]}}],"collection":[{"href":"https:\/\/prensapresidencialvenezuela.gob.ve\/index.php\/wp-json\/wp\/v2\/posts"}],"about":[{"href":"https:\/\/prensapresidencialvenezuela.gob.ve\/index.php\/wp-json\/wp\/v2\/types\/post"}],"author":[{"embeddable":true,"href":"https:\/\/prensapresidencialvenezuela.gob.ve\/index.php\/wp-json\/wp\/v2\/users\/6"}],"replies":[{"embeddable":true,"href":"https:\/\/prensapresidencialvenezuela.gob.ve\/index.php\/wp-json\/wp\/v2\/comments?post=2585"}],"version-history":[{"count":1,"href":"https:\/\/prensapresidencialvenezuela.gob.ve\/index.php\/wp-json\/wp\/v2\/posts\/2585\/revisions"}],"predecessor-version":[{"id":2587,"href":"https:\/\/prensapresidencialvenezuela.gob.ve\/index.php\/wp-json\/wp\/v2\/posts\/2585\/revisions\/2587"}],"wp:featuredmedia":[{"embeddable":true,"href":"https:\/\/prensapresidencialvenezuela.gob.ve\/index.php\/wp-json\/wp\/v2\/media\/2586"}],"wp:attachment":[{"href":"https:\/\/prensapresidencialvenezuela.gob.ve\/index.php\/wp-json\/wp\/v2\/media?parent=2585"}],"wp:term":[{"taxonomy":"category","embeddable":true,"href":"https:\/\/prensapresidencialvenezuela.gob.ve\/index.php\/wp-json\/wp\/v2\/categories?post=2585"},{"taxonomy":"post_tag","embeddable":true,"href":"https:\/\/prensapresidencialvenezuela.gob.ve\/index.php\/wp-json\/wp\/v2\/tags?post=2585"}],"curies":[{"name":"wp","href":"https:\/\/api.w.org\/{rel}","templated":true}]}}