{"id":2591,"date":"2022-06-20T18:18:00","date_gmt":"2022-06-20T18:18:00","guid":{"rendered":"http:\/\/172.27.0.121\/?p=2591"},"modified":"2022-07-13T18:20:04","modified_gmt":"2022-07-13T18:20:04","slug":"venezuela-se-perfila-como-objetivo-turistico-de-eurasia","status":"publish","type":"post","link":"https:\/\/prensapresidencialvenezuela.gob.ve\/index.php\/2022\/06\/20\/venezuela-se-perfila-como-objetivo-turistico-de-eurasia\/","title":{"rendered":"Venezuela se perfila como objetivo tur\u00edstico de Eurasia"},"content":{"rendered":"\n<p><strong>Palacio de Miraflores, Caracas.- <\/strong>A partir de la consolidaci\u00f3n de acuerdos de interconexi\u00f3n a\u00e9rea, Venezuela se perfila como objetivo tur\u00edstico de los pueblos de Eurasia y el Norte de \u00c1frica.<\/p>\n\n\n\n<p>\u00abVenezuela es un pa\u00eds hermoso, as\u00ed lo hemos podido mostrar y con esta interconexi\u00f3n a\u00e9rea vamos a lograr que toda la regi\u00f3n de T\u00fcrkiye, Argelia, Ir\u00e1n, Kuwait, Qatar y Azerbaiy\u00e1n vea a Venezuela como objetivo tur\u00edstico\u00bb, recalc\u00f3 el presidente de la Rep\u00fablica, Nicol\u00e1s Maduro, en entrevista concedida a la televisora \u00e1rabe <em>Al Mayadeen<\/em>.<\/p>\n\n\n\n<p>Al reiterar que pr\u00f3ximamente iniciar\u00e1n vuelos directos a Argel (Argelia), Teher\u00e1n (Ir\u00e1n), Doha (Qatar) y Bak\u00fa (Azerbaiy\u00e1n), se\u00f1al\u00f3 que \u00abVenezuela es la puerta de Suram\u00e9rica\u00bb, raz\u00f3n por la cual el sector tur\u00edstico se presenta como una oportunidad para la inversi\u00f3n extranjera.<\/p>\n\n\n\n<p>\u00abPara entrar a Suram\u00e9rica tienes que abrir una puerta y esa puerta es Venezuela, as\u00ed que hay grandes logros en inversiones que van a llegar en el turismo\u00bb, precis\u00f3 Maduro en alusi\u00f3n a los resultados concretos de la agenda internacional que desarroll\u00f3 del 6 al 17 de junio por pa\u00edses de Eurasia y el Norte de \u00c1frica.<\/p>\n\n\n\n<p>Por otro lado, el jefe de Estado detall\u00f3 que \u00abse pierden de vista los proyectos que hemos conversado personalmente con empresarios, dignatarios y ministros\u00bb relacionados a \u00e1reas estrat\u00e9gicas como el gas, petr\u00f3leo, producci\u00f3n agr\u00edcola y comercio.<\/p>\n\n\n\n<p>\u00abEmpresarios est\u00e1n dispuestos y con muchas ganas de invertir en Venezuela\u00bb, destac\u00f3.<\/p>\n\n\n\n<p><strong>Prensa Presidencial\/Karelis Gonz\u00e1lez<\/strong><\/p>\n","protected":false},"excerpt":{"rendered":"<p>Palacio de Miraflores, Caracas.- A partir de la consolidaci\u00f3n de acuerdos de interconexi\u00f3n a\u00e9rea, Venezuela se perfila como objetivo tur\u00edstico de los pueblos de Eurasia y el Norte de \u00c1frica. \u00abVenezuela es un pa\u00eds hermoso, as\u00ed lo hemos podido mostrar y con esta interconexi\u00f3n a\u00e9rea vamos a lograr que toda la regi\u00f3n de T\u00fcrkiye, Argelia, [&hellip;]<\/p>\n","protected":false},"author":6,"featured_media":2594,"comment_status":"open","ping_status":"open","sticky":false,"template":"","format":"standard","meta":{"footnotes":""},"categories":[7],"tags":[],"class_list":["post-2591","post","type-post","status-publish","format-standard","has-post-thumbnail","hentry","category-notas-de-prensa"],"_links":{"self":[{"href":"https:\/\/prensapresidencialvenezuela.gob.ve\/index.php\/wp-json\/wp\/v2\/posts\/2591","targetHints":{"allow":["GET"]}}],"collection":[{"href":"https:\/\/prensapresidencialvenezuela.gob.ve\/index.php\/wp-json\/wp\/v2\/posts"}],"about":[{"href":"https:\/\/prensapresidencialvenezuela.gob.ve\/index.php\/wp-json\/wp\/v2\/types\/post"}],"author":[{"embeddable":true,"href":"https:\/\/prensapresidencialvenezuela.gob.ve\/index.php\/wp-json\/wp\/v2\/users\/6"}],"replies":[{"embeddable":true,"href":"https:\/\/prensapresidencialvenezuela.gob.ve\/index.php\/wp-json\/wp\/v2\/comments?post=2591"}],"version-history":[{"count":1,"href":"https:\/\/prensapresidencialvenezuela.gob.ve\/index.php\/wp-json\/wp\/v2\/posts\/2591\/revisions"}],"predecessor-version":[{"id":2595,"href":"https:\/\/prensapresidencialvenezuela.gob.ve\/index.php\/wp-json\/wp\/v2\/posts\/2591\/revisions\/2595"}],"wp:featuredmedia":[{"embeddable":true,"href":"https:\/\/prensapresidencialvenezuela.gob.ve\/index.php\/wp-json\/wp\/v2\/media\/2594"}],"wp:attachment":[{"href":"https:\/\/prensapresidencialvenezuela.gob.ve\/index.php\/wp-json\/wp\/v2\/media?parent=2591"}],"wp:term":[{"taxonomy":"category","embeddable":true,"href":"https:\/\/prensapresidencialvenezuela.gob.ve\/index.php\/wp-json\/wp\/v2\/categories?post=2591"},{"taxonomy":"post_tag","embeddable":true,"href":"https:\/\/prensapresidencialvenezuela.gob.ve\/index.php\/wp-json\/wp\/v2\/tags?post=2591"}],"curies":[{"name":"wp","href":"https:\/\/api.w.org\/{rel}","templated":true}]}}