{"id":25956,"date":"2025-11-27T13:48:45","date_gmt":"2025-11-27T17:48:45","guid":{"rendered":"https:\/\/prensapresidencialvenezuela.gob.ve\/?p=25956"},"modified":"2025-11-27T13:48:55","modified_gmt":"2025-11-27T17:48:55","slug":"27nov-105-anos-del-hito-marcado-por-los-centinelas-del-cielo-tricolor-que-resguardan-el-espacio-aereo-de-la-nacion","status":"publish","type":"post","link":"https:\/\/prensapresidencialvenezuela.gob.ve\/index.php\/2025\/11\/27\/27nov-105-anos-del-hito-marcado-por-los-centinelas-del-cielo-tricolor-que-resguardan-el-espacio-aereo-de-la-nacion\/","title":{"rendered":"#27Nov: 105 a\u00f1os del hito marcado por los Centinelas del cielo tricolor que resguardan el espacio a\u00e9reo de la Naci\u00f3n"},"content":{"rendered":"\n<p><strong>Caracas, Venezuela. &#8211;<\/strong> A partir del a\u00f1o 2010, el D\u00eda de la Aviaci\u00f3n Militar Bolivariana (AMB) se conmemora los\u00a027 de noviembre<em>,<\/em>\u00a0en honor al primer combate a\u00e9reo en la historia de Venezuela, ocurrido durante la rebeli\u00f3n c\u00edvico-militar del a\u00f1o 1992, que marc\u00f3 un hito trascendental en la Naci\u00f3n.<\/p>\n\n\n\n<p>Luego del decreto n\u00famero 7.102 firmado por el Comandante Hugo Ch\u00e1vez, en el a\u00f1o 2010, se le dio el reconocimiento a la labor que desempe\u00f1a los aviadores militares en la defensa de la integridad territorial y la soberan\u00eda de la Naci\u00f3n.<\/p>\n\n\n\n<p>La AMB es uno de los cinco componentes de la Fuerza Armada Nacional Bolivariana (FANB), cuyo objetivo es resguardar el espacio a\u00e9reo de Venezuela, contribuir al mantenimiento del orden interno y participar activamente en el desarrollo del pa\u00eds.<\/p>\n\n\n\n<figure class=\"wp-block-image size-large\"><img fetchpriority=\"high\" decoding=\"async\" width=\"1024\" height=\"683\" src=\"https:\/\/prensapresidencialvenezuela.gob.ve\/wp-content\/uploads\/2025\/11\/0d97f9be-4952-4f36-91c3-8f01b21aebae-1024x683.jpg\" alt=\"\" class=\"wp-image-25958\" srcset=\"https:\/\/prensapresidencialvenezuela.gob.ve\/wp-content\/uploads\/2025\/11\/0d97f9be-4952-4f36-91c3-8f01b21aebae-1024x683.jpg 1024w, https:\/\/prensapresidencialvenezuela.gob.ve\/wp-content\/uploads\/2025\/11\/0d97f9be-4952-4f36-91c3-8f01b21aebae-300x200.jpg 300w, https:\/\/prensapresidencialvenezuela.gob.ve\/wp-content\/uploads\/2025\/11\/0d97f9be-4952-4f36-91c3-8f01b21aebae-768x512.jpg 768w, https:\/\/prensapresidencialvenezuela.gob.ve\/wp-content\/uploads\/2025\/11\/0d97f9be-4952-4f36-91c3-8f01b21aebae-1536x1024.jpg 1536w, https:\/\/prensapresidencialvenezuela.gob.ve\/wp-content\/uploads\/2025\/11\/0d97f9be-4952-4f36-91c3-8f01b21aebae-2048x1365.jpg 2048w\" sizes=\"(max-width: 1024px) 100vw, 1024px\" \/><\/figure>\n\n\n\n<p>Este componente a\u00e9reo del cuerpo castrense est\u00e1 conformado por una serie de unidades operativas, instalaciones y establecimientos de apoyo que tienen por objeto la defensa de los espacios a\u00e9reos.<\/p>\n\n\n\n<p>Las unidades operativas de la aviaci\u00f3n militar est\u00e1n representadas por los comandos, grupos y zonas a\u00e9reas, as\u00ed como los escuadrones, escuadrillas y patrullas; pero, adem\u00e1s, cuenta con una serie de edificaciones o instalaciones necesarias para desarrollar sus funciones: bases a\u00e9reas, instalaciones fijas para los institutos, centros educativos y de adiestramiento, dep\u00f3sitos, talleres, edificaciones log\u00edsticas, entre otras subestructuras<\/p>\n\n\n\n<p><strong>1992: Rugir sobre Caracas<\/strong><strong><\/strong><\/p>\n\n\n\n<p>En el a\u00f1o 92, cuatro aviones Bronco, tres aviones caza Mirages, dos T2D y varios Tuc\u00e1n T-27 despegaron desde Maracay hacia distintos destinos del pa\u00eds en la b\u00fasqueda de objetivos estrat\u00e9gicos; en Caracas, la Base A\u00e9rea Francisco de Miranda, ubicada en La Carlota, Miraflores y El Helicoide; en Barquisimeto la base a\u00e9rea Vicente Landaeta Gil; y en Aragua, la Base A\u00e9rea Libertador; Este evento tan memorable fue el paso rasante de un caza F-16 sobre Caracas, que rompi\u00f3 la barrera del sonido, simbolizando as\u00ed la insurgencia.<\/p>\n\n\n\n<p>Durante esta fecha, con el apoyo a\u00e9reo de los aviones Bronco se desarrollaron varias escenas de combate a\u00e9reo en la zona norte de La Carlota, donde hubo un enfrentamiento entre aviones Bronco y caza F-16, con mayor capacidad de fuego. Esto fue una muestra de gallard\u00eda, que con la acci\u00f3n de los pilotos rebeldes se logr\u00f3 detener a la brigada de tanques que llegaba a tomar La Carlota.<\/p>\n\n\n\n<figure class=\"wp-block-image size-large\"><img decoding=\"async\" width=\"1024\" height=\"744\" src=\"https:\/\/prensapresidencialvenezuela.gob.ve\/wp-content\/uploads\/2025\/11\/8773a82f-0503-4554-861a-9a5e27f6951c-1024x744.jpg\" alt=\"\" class=\"wp-image-25959\" srcset=\"https:\/\/prensapresidencialvenezuela.gob.ve\/wp-content\/uploads\/2025\/11\/8773a82f-0503-4554-861a-9a5e27f6951c-1024x744.jpg 1024w, https:\/\/prensapresidencialvenezuela.gob.ve\/wp-content\/uploads\/2025\/11\/8773a82f-0503-4554-861a-9a5e27f6951c-300x218.jpg 300w, https:\/\/prensapresidencialvenezuela.gob.ve\/wp-content\/uploads\/2025\/11\/8773a82f-0503-4554-861a-9a5e27f6951c-768x558.jpg 768w, https:\/\/prensapresidencialvenezuela.gob.ve\/wp-content\/uploads\/2025\/11\/8773a82f-0503-4554-861a-9a5e27f6951c-1536x1117.jpg 1536w, https:\/\/prensapresidencialvenezuela.gob.ve\/wp-content\/uploads\/2025\/11\/8773a82f-0503-4554-861a-9a5e27f6951c-2048x1489.jpg 2048w\" sizes=\"(max-width: 1024px) 100vw, 1024px\" \/><\/figure>\n\n\n\n<p>Al d\u00eda siguiente, la esencia de estos hechos evidenci\u00f3 la crisis de dos instituciones que hab\u00edan sido modelos de estabilidad en ese entonces, los partidos tradicionales Acci\u00f3n Democr\u00e1tica (AD) y Comit\u00e9 de Acci\u00f3n Pol\u00edtica Electoral Independiente (Copei), y la Fuerza Armada Nacional Bolivariana.<\/p>\n\n\n\n<p><strong>Rol protag\u00f3nico de la AMB<\/strong><strong><\/strong><\/p>\n\n\n\n<p>En el a\u00f1o 2010, cuando se estableci\u00f3 esta fecha conmemorativa mediante el decreto presidencial n\u00famero 7 mil 102, el Comandante Eterno y Supremo, Hugo Ch\u00e1vez, expres\u00f3 que \u00abel 27 de noviembre, D\u00eda de la Fuerza A\u00e9rea Venezolana,&nbsp;la fuerza a\u00e9rea revolucionaria, patriota; m\u00e1s nunca estar\u00e1 subordinada a intereses imperialistas, ni a otro inter\u00e9s que no sea el inter\u00e9s nacional\u00bb. &nbsp;<\/p>\n\n\n\n<figure class=\"wp-block-image size-large\"><img decoding=\"async\" width=\"1024\" height=\"835\" src=\"https:\/\/prensapresidencialvenezuela.gob.ve\/wp-content\/uploads\/2025\/11\/3b904838-fa7a-470a-a056-9c9c1f1588d8-1024x835.jpg\" alt=\"\" class=\"wp-image-25960\" srcset=\"https:\/\/prensapresidencialvenezuela.gob.ve\/wp-content\/uploads\/2025\/11\/3b904838-fa7a-470a-a056-9c9c1f1588d8-1024x835.jpg 1024w, https:\/\/prensapresidencialvenezuela.gob.ve\/wp-content\/uploads\/2025\/11\/3b904838-fa7a-470a-a056-9c9c1f1588d8-300x245.jpg 300w, https:\/\/prensapresidencialvenezuela.gob.ve\/wp-content\/uploads\/2025\/11\/3b904838-fa7a-470a-a056-9c9c1f1588d8-768x626.jpg 768w, https:\/\/prensapresidencialvenezuela.gob.ve\/wp-content\/uploads\/2025\/11\/3b904838-fa7a-470a-a056-9c9c1f1588d8-1536x1252.jpg 1536w, https:\/\/prensapresidencialvenezuela.gob.ve\/wp-content\/uploads\/2025\/11\/3b904838-fa7a-470a-a056-9c9c1f1588d8-2048x1670.jpg 2048w\" sizes=\"(max-width: 1024px) 100vw, 1024px\" \/><\/figure>\n\n\n\n<p>En contexto hist\u00f3rico, es de relevancia mencionar que este d\u00eda forma parte de una trilog\u00eda de acontecimientos que pusieron fin a la Cuarta Rep\u00fablica y dieron inicio a la Revoluci\u00f3n Bolivariana.<\/p>\n\n\n\n<p><strong>Hace 33 a\u00f1os<em>\u00a0la rebeli\u00f3n anti neocolonial y anti neoliberal dio la partida para refundar de car\u00e1cter humanista, antiimperialista y revolucionario. Por tanto, historiadores han marcado este 27-N como la prolongaci\u00f3n del 4-F, aunque mucho m\u00e1s previsto y contundente.<\/em><\/strong><\/p>\n\n\n\n<p>Este heroico acontecimiento de la aviaci\u00f3n militar dio origen a una nueva etapa como instituci\u00f3n protectora de los principios y legados que dej\u00f3 el&nbsp;Libertador Sim\u00f3n Bol\u00edvar&nbsp;y el&nbsp;Comandante Ch\u00e1vez.&nbsp;Por tanto, la historia de la aviaci\u00f3n venezolana se bifurca en dos tiempos intensamente diferenciados:<\/p>\n\n\n\n<ul class=\"wp-block-list\">\n<li>Los d\u00edas en los que el componente militar comet\u00eda las m\u00e1s deleznables atrocidades contra el pueblo rebelde ante el estatus impuesto por la democracia representativa.<\/li>\n\n\n\n<li>Y la m\u00e1s reciente fase de la historia contempor\u00e1nea venezolana en la que la\u00a0Fuerza A\u00e9rea\u00a0sali\u00f3 en defensa del pueblo que se rebel\u00f3 contra el paquetazo neoliberal de\u00a0Carlos Andr\u00e9s P\u00e9rez.<\/li>\n<\/ul>\n\n\n\n<figure class=\"wp-block-image size-large\"><img loading=\"lazy\" decoding=\"async\" width=\"1024\" height=\"683\" src=\"https:\/\/prensapresidencialvenezuela.gob.ve\/wp-content\/uploads\/2025\/11\/9159517f-8e0f-4c1f-b58d-4aa956660b46-1-1024x683.jpg\" alt=\"\" class=\"wp-image-25962\" srcset=\"https:\/\/prensapresidencialvenezuela.gob.ve\/wp-content\/uploads\/2025\/11\/9159517f-8e0f-4c1f-b58d-4aa956660b46-1-1024x683.jpg 1024w, https:\/\/prensapresidencialvenezuela.gob.ve\/wp-content\/uploads\/2025\/11\/9159517f-8e0f-4c1f-b58d-4aa956660b46-1-300x200.jpg 300w, https:\/\/prensapresidencialvenezuela.gob.ve\/wp-content\/uploads\/2025\/11\/9159517f-8e0f-4c1f-b58d-4aa956660b46-1-768x512.jpg 768w, https:\/\/prensapresidencialvenezuela.gob.ve\/wp-content\/uploads\/2025\/11\/9159517f-8e0f-4c1f-b58d-4aa956660b46-1-1536x1024.jpg 1536w, https:\/\/prensapresidencialvenezuela.gob.ve\/wp-content\/uploads\/2025\/11\/9159517f-8e0f-4c1f-b58d-4aa956660b46-1-2048x1365.jpg 2048w\" sizes=\"(max-width: 1024px) 100vw, 1024px\" \/><\/figure>\n\n\n\n<p>Por tanto, es importante destacar que esta insigne componente colma de profundo orgullo al cuerpo castrense, porque sus alas de acero son alzadas por patriotas revolucionarios y profundamente bolivarianos, porque con audacia, intrepidez y osad\u00eda extienden su vuelo para servir al pueblo.<\/p>\n\n\n\n<p class=\"has-text-align-right has-small-font-size\"><em>\u00abFuerza A\u00e9rea Venezolana, a la Fuerza A\u00e9rea que aquel d\u00eda levant\u00f3 vuelo rumbo a la libertad, y marc\u00f3 el comienzo de un proyecto, de un sue\u00f1o de liberaci\u00f3n y justicia\u00bb.<\/em><\/p>\n\n\n\n<p class=\"has-text-align-right has-small-font-size\"><em>Hugo Ch\u00e1vez,<\/em> <em>Al\u00f3 Presidente n\u00famero 241<\/em><\/p>\n\n\n\n<p><strong>Prensa Presidencial\/ Irmary D\u00edaz<\/strong><strong><\/strong><\/p>\n\n\n\n<p><\/p>\n","protected":false},"excerpt":{"rendered":"<p>Caracas, Venezuela. &#8211; A partir del a\u00f1o 2010, el D\u00eda de la Aviaci\u00f3n Militar Bolivariana (AMB) se conmemora los\u00a027 de noviembre,\u00a0en honor al primer combate a\u00e9reo en la historia de Venezuela, ocurrido durante la rebeli\u00f3n c\u00edvico-militar del a\u00f1o 1992, que marc\u00f3 un hito trascendental en la Naci\u00f3n. Luego del decreto n\u00famero 7.102 firmado por el [&hellip;]<\/p>\n","protected":false},"author":15,"featured_media":25957,"comment_status":"open","ping_status":"open","sticky":false,"template":"","format":"standard","meta":{"footnotes":""},"categories":[18,10],"tags":[],"class_list":["post-25956","post","type-post","status-publish","format-standard","has-post-thumbnail","hentry","category-noticias-principales","category-especiales"],"_links":{"self":[{"href":"https:\/\/prensapresidencialvenezuela.gob.ve\/index.php\/wp-json\/wp\/v2\/posts\/25956","targetHints":{"allow":["GET"]}}],"collection":[{"href":"https:\/\/prensapresidencialvenezuela.gob.ve\/index.php\/wp-json\/wp\/v2\/posts"}],"about":[{"href":"https:\/\/prensapresidencialvenezuela.gob.ve\/index.php\/wp-json\/wp\/v2\/types\/post"}],"author":[{"embeddable":true,"href":"https:\/\/prensapresidencialvenezuela.gob.ve\/index.php\/wp-json\/wp\/v2\/users\/15"}],"replies":[{"embeddable":true,"href":"https:\/\/prensapresidencialvenezuela.gob.ve\/index.php\/wp-json\/wp\/v2\/comments?post=25956"}],"version-history":[{"count":1,"href":"https:\/\/prensapresidencialvenezuela.gob.ve\/index.php\/wp-json\/wp\/v2\/posts\/25956\/revisions"}],"predecessor-version":[{"id":25963,"href":"https:\/\/prensapresidencialvenezuela.gob.ve\/index.php\/wp-json\/wp\/v2\/posts\/25956\/revisions\/25963"}],"wp:featuredmedia":[{"embeddable":true,"href":"https:\/\/prensapresidencialvenezuela.gob.ve\/index.php\/wp-json\/wp\/v2\/media\/25957"}],"wp:attachment":[{"href":"https:\/\/prensapresidencialvenezuela.gob.ve\/index.php\/wp-json\/wp\/v2\/media?parent=25956"}],"wp:term":[{"taxonomy":"category","embeddable":true,"href":"https:\/\/prensapresidencialvenezuela.gob.ve\/index.php\/wp-json\/wp\/v2\/categories?post=25956"},{"taxonomy":"post_tag","embeddable":true,"href":"https:\/\/prensapresidencialvenezuela.gob.ve\/index.php\/wp-json\/wp\/v2\/tags?post=25956"}],"curies":[{"name":"wp","href":"https:\/\/api.w.org\/{rel}","templated":true}]}}