{"id":2614,"date":"2022-06-20T18:28:00","date_gmt":"2022-06-20T18:28:00","guid":{"rendered":"http:\/\/172.27.0.121\/?p=2614"},"modified":"2022-07-13T18:32:48","modified_gmt":"2022-07-13T18:32:48","slug":"venezuela-defiende-dialogo-basado-en-la-diversidad-mundial","status":"publish","type":"post","link":"https:\/\/prensapresidencialvenezuela.gob.ve\/index.php\/2022\/06\/20\/venezuela-defiende-dialogo-basado-en-la-diversidad-mundial\/","title":{"rendered":"Venezuela defiende di\u00e1logo basado en la diversidad mundial"},"content":{"rendered":"\n<p><strong>Baku, Azerbaiy\u00e1n.-<\/strong> El presidente de la Rep\u00fablica Bolivariana de Venezuela, Nicol\u00e1s Maduro, en entrevista concedida a la televisora Al Mayadeen ratific\u00f3 \u201cel concepto de la necesidad de un di\u00e1logo de la diversidad del mundo\u201d<\/p>\n\n\n\n<p>Esta posici\u00f3n debe pasar \u2013 de acuerdo con el Presidente venezolano- por un di\u00e1logo de culturas, un di\u00e1logo de civilizaciones, un di\u00e1logo de ideolog\u00edas, de liderazgos, un di\u00e1logo de modelos pol\u00edticos y mundiales, un di\u00e1logo integral para la nueva humanidad.<\/p>\n\n\n\n<p>\u201cEse es el concepto principal que yo rescatar\u00eda, y que he visto que va surgiendo en esta post pandemia\u201d, dijo al sostener:<\/p>\n\n\n\n<p>\u201cHemos podido hacer esta gira porque estamos en una fase de post pandemia, y de control elevado (de la Covid -19). Estoy bastante contento de los resultados de esta gira necesaria\u201d.<\/p>\n\n\n\n<p>Consultado sobre los temas que entraron en agenda durante su gira junto a sus colegas, el Dignatario manifest\u00f3 que \u201csomos l\u00edderes de la OPEP Plus\u201d y en esa l\u00ednea \u201chemos conversado mucho sobre el papel de la OPEP Plus como la instancia de mayor poder para la estabilidad de los mercados y de los precios\u201d.<\/p>\n\n\n\n<p>Ejemplific\u00f3 que actualmente el \u201cpetr\u00f3leo tiene m\u00e1s de 120 d\u00f3lares el barril\u201d y \u201csi no fuera porque existe el gobierno petrolero de la OPEP Plus ese petr\u00f3leo est\u00e1 en 150 d\u00f3lares en este momento\u201d.<\/p>\n\n\n\n<p>Sobre la crisis en Ucrania, el Jefe de Estado venezolano indic\u00f3 que se ha podido compartir la visi\u00f3n y la sabidur\u00eda con sus colegas presidentes, jefes de gobierno en estos seis pa\u00edses de la gira euroasi\u00e1tica y del norte de \u00c1frica.<\/p>\n\n\n\n<p><strong>Acuerdos a largo plazo<\/strong><\/p>\n\n\n\n<p>En torno a la firma del acuerdo a 20 a\u00f1os con la Rep\u00fablica Isl\u00e1mica de Ir\u00e1n, reiter\u00f3 que significa \u201cuna buena noticia que estemos viendo la relaci\u00f3n bilateral y el desarrollo del mundo en veinte a\u00f1os y que estemos planificando nuestra articulaci\u00f3n econ\u00f3mica, cient\u00edfica, tecnol\u00f3gica para veinte a\u00f1os\u201d.<\/p>\n\n\n\n<p>\u201c\u00bfD\u00f3nde estamos en el siglo XXI? . Estamos frente a frente, es nuestro siglo, este es el siglo de los pueblos, este es el siglo de un nuevo mundo, de una nueva humanidad. Por eso es importante la firma de este acuerdo de cooperaci\u00f3n, de trabajo, de desarrollo com\u00fan con Ir\u00e1n para veinte a\u00f1os\u201d.<\/p>\n\n\n\n<p>Pregunto: \u201c\u00bfD\u00f3nde estaremos en veinte a\u00f1os? La nueva \u00e9poca est\u00e1 naciendo acelerada. Hay una transici\u00f3n en la humanidad hacia una nueva \u00e9poca, una nueva humanidad. En este documento se contempla un plan de desarrollo compartido de veinte a\u00f1os\u201d.<\/p>\n\n\n\n<p>\u00abValor\u00f3 la amistad que ha nacido con su par argelino, Abdelmadjid Tebboune, pues permiten \u201cescribir buenas p\u00e1ginas para la felicidad de nuestros pueblos\u201d.<\/p>\n\n\n\n<p>A la vez, resalt\u00f3 el salto que ha dado Ir\u00e1n en lo cient\u00edfico y tecnol\u00f3gico. \u201cHemos sellado el inicio de una buena amistad que va a ser muy beneficiosa para nuestros pa\u00edses\u201d.<\/p>\n\n\n\n<p><strong>Prensa Presidencial\/Ana\u00eds P\u00e9rez<\/strong><\/p>\n","protected":false},"excerpt":{"rendered":"<p>Baku, Azerbaiy\u00e1n.- El presidente de la Rep\u00fablica Bolivariana de Venezuela, Nicol\u00e1s Maduro, en entrevista concedida a la televisora Al Mayadeen ratific\u00f3 \u201cel concepto de la necesidad de un di\u00e1logo de la diversidad del mundo\u201d Esta posici\u00f3n debe pasar \u2013 de acuerdo con el Presidente venezolano- por un di\u00e1logo de culturas, un di\u00e1logo de civilizaciones, un [&hellip;]<\/p>\n","protected":false},"author":6,"featured_media":2622,"comment_status":"open","ping_status":"open","sticky":false,"template":"","format":"standard","meta":{"footnotes":""},"categories":[7],"tags":[],"class_list":["post-2614","post","type-post","status-publish","format-standard","has-post-thumbnail","hentry","category-notas-de-prensa"],"_links":{"self":[{"href":"https:\/\/prensapresidencialvenezuela.gob.ve\/index.php\/wp-json\/wp\/v2\/posts\/2614","targetHints":{"allow":["GET"]}}],"collection":[{"href":"https:\/\/prensapresidencialvenezuela.gob.ve\/index.php\/wp-json\/wp\/v2\/posts"}],"about":[{"href":"https:\/\/prensapresidencialvenezuela.gob.ve\/index.php\/wp-json\/wp\/v2\/types\/post"}],"author":[{"embeddable":true,"href":"https:\/\/prensapresidencialvenezuela.gob.ve\/index.php\/wp-json\/wp\/v2\/users\/6"}],"replies":[{"embeddable":true,"href":"https:\/\/prensapresidencialvenezuela.gob.ve\/index.php\/wp-json\/wp\/v2\/comments?post=2614"}],"version-history":[{"count":1,"href":"https:\/\/prensapresidencialvenezuela.gob.ve\/index.php\/wp-json\/wp\/v2\/posts\/2614\/revisions"}],"predecessor-version":[{"id":2620,"href":"https:\/\/prensapresidencialvenezuela.gob.ve\/index.php\/wp-json\/wp\/v2\/posts\/2614\/revisions\/2620"}],"wp:featuredmedia":[{"embeddable":true,"href":"https:\/\/prensapresidencialvenezuela.gob.ve\/index.php\/wp-json\/wp\/v2\/media\/2622"}],"wp:attachment":[{"href":"https:\/\/prensapresidencialvenezuela.gob.ve\/index.php\/wp-json\/wp\/v2\/media?parent=2614"}],"wp:term":[{"taxonomy":"category","embeddable":true,"href":"https:\/\/prensapresidencialvenezuela.gob.ve\/index.php\/wp-json\/wp\/v2\/categories?post=2614"},{"taxonomy":"post_tag","embeddable":true,"href":"https:\/\/prensapresidencialvenezuela.gob.ve\/index.php\/wp-json\/wp\/v2\/tags?post=2614"}],"curies":[{"name":"wp","href":"https:\/\/api.w.org\/{rel}","templated":true}]}}