{"id":2625,"date":"2022-06-20T18:37:00","date_gmt":"2022-06-20T18:37:00","guid":{"rendered":"http:\/\/172.27.0.121\/?p=2625"},"modified":"2022-07-13T18:38:19","modified_gmt":"2022-07-13T18:38:19","slug":"venezuela-cuenta-con-una-democracia-solida","status":"publish","type":"post","link":"https:\/\/prensapresidencialvenezuela.gob.ve\/index.php\/2022\/06\/20\/venezuela-cuenta-con-una-democracia-solida\/","title":{"rendered":"Venezuela cuenta con una democracia s\u00f3lida"},"content":{"rendered":"\n<p><strong>Bak\u00fa, Azerbaiy\u00e1n.- <\/strong>El presidente de la Rep\u00fablica Bolivariana de Venezuela, Nicol\u00e1s Maduro, en entrevista concedida a la televisora Al Mayadeen enfatiz\u00f3 que Venezuela cuenta con una democracia s\u00f3lida.<\/p>\n\n\n\n<p>Indic\u00f3 que los venezolanos seguir\u00e1n&nbsp; ejerciendo la democracia participativa y protag\u00f3nica en los a\u00f1os que est\u00e1n por venir, a trav\u00e9s del voto.<\/p>\n\n\n\n<p>Record\u00f3 que la naci\u00f3n suramericana tiene cinco poderes, de acuerdo con su constituci\u00f3n: el legislativo, judicial, ciudadano, electoral y el Ejecutivo. \u201cSon los cinco poderes fuertes, sumados al poder popular y el militar\u201d.<\/p>\n\n\n\n<p>\u201cVenezuela es una realidad incuestionable, el que no la quiera ver seguir\u00e1 haciendo el ridiculous en el mundo\u201d, puntualiz\u00f3 el Jefe de Estado.<\/p>\n\n\n\n<p>Asimismo, se\u00f1al\u00f3 que \u201cante la guerra y las amenazas de guerra, ante la Violencia, bombardeo, decimos: Paz, paz, respeto al derecho internacional, respeto a los pueblos.<\/p>\n\n\n\n<p>Es la bandera que debemos levantar. La bandera de la paz, de la dignidad, como guerreros que somos\u201d.<\/p>\n\n\n\n<p><strong>Prensa Presidencial\/Ana\u00eds P\u00e9rez<\/strong><\/p>\n","protected":false},"excerpt":{"rendered":"<p>Bak\u00fa, Azerbaiy\u00e1n.- El presidente de la Rep\u00fablica Bolivariana de Venezuela, Nicol\u00e1s Maduro, en entrevista concedida a la televisora Al Mayadeen enfatiz\u00f3 que Venezuela cuenta con una democracia s\u00f3lida. Indic\u00f3 que los venezolanos seguir\u00e1n&nbsp; ejerciendo la democracia participativa y protag\u00f3nica en los a\u00f1os que est\u00e1n por venir, a trav\u00e9s del voto. Record\u00f3 que la naci\u00f3n suramericana [&hellip;]<\/p>\n","protected":false},"author":6,"featured_media":2628,"comment_status":"open","ping_status":"open","sticky":false,"template":"","format":"standard","meta":{"footnotes":""},"categories":[7],"tags":[],"class_list":["post-2625","post","type-post","status-publish","format-standard","has-post-thumbnail","hentry","category-notas-de-prensa"],"_links":{"self":[{"href":"https:\/\/prensapresidencialvenezuela.gob.ve\/index.php\/wp-json\/wp\/v2\/posts\/2625","targetHints":{"allow":["GET"]}}],"collection":[{"href":"https:\/\/prensapresidencialvenezuela.gob.ve\/index.php\/wp-json\/wp\/v2\/posts"}],"about":[{"href":"https:\/\/prensapresidencialvenezuela.gob.ve\/index.php\/wp-json\/wp\/v2\/types\/post"}],"author":[{"embeddable":true,"href":"https:\/\/prensapresidencialvenezuela.gob.ve\/index.php\/wp-json\/wp\/v2\/users\/6"}],"replies":[{"embeddable":true,"href":"https:\/\/prensapresidencialvenezuela.gob.ve\/index.php\/wp-json\/wp\/v2\/comments?post=2625"}],"version-history":[{"count":1,"href":"https:\/\/prensapresidencialvenezuela.gob.ve\/index.php\/wp-json\/wp\/v2\/posts\/2625\/revisions"}],"predecessor-version":[{"id":2629,"href":"https:\/\/prensapresidencialvenezuela.gob.ve\/index.php\/wp-json\/wp\/v2\/posts\/2625\/revisions\/2629"}],"wp:featuredmedia":[{"embeddable":true,"href":"https:\/\/prensapresidencialvenezuela.gob.ve\/index.php\/wp-json\/wp\/v2\/media\/2628"}],"wp:attachment":[{"href":"https:\/\/prensapresidencialvenezuela.gob.ve\/index.php\/wp-json\/wp\/v2\/media?parent=2625"}],"wp:term":[{"taxonomy":"category","embeddable":true,"href":"https:\/\/prensapresidencialvenezuela.gob.ve\/index.php\/wp-json\/wp\/v2\/categories?post=2625"},{"taxonomy":"post_tag","embeddable":true,"href":"https:\/\/prensapresidencialvenezuela.gob.ve\/index.php\/wp-json\/wp\/v2\/tags?post=2625"}],"curies":[{"name":"wp","href":"https:\/\/api.w.org\/{rel}","templated":true}]}}