{"id":2636,"date":"2022-06-21T18:40:00","date_gmt":"2022-06-21T18:40:00","guid":{"rendered":"http:\/\/172.27.0.121\/?p=2636"},"modified":"2022-07-13T18:41:07","modified_gmt":"2022-07-13T18:41:07","slug":"presidente-maduro-recibe-propuestas-del-movimiento-de-pobladores-y-pobladoras","status":"publish","type":"post","link":"https:\/\/prensapresidencialvenezuela.gob.ve\/index.php\/2022\/06\/21\/presidente-maduro-recibe-propuestas-del-movimiento-de-pobladores-y-pobladoras\/","title":{"rendered":"Presidente Maduro recibe propuestas del Movimiento de Pobladores y Pobladoras"},"content":{"rendered":"\n<p><strong>Palacio de Miraflores, Caracas.- <\/strong>Al sostener un encuentro con el Movimiento de Pobladores y Pobladoras, el presidente de la Rep\u00fablica, Nicol\u00e1s Maduro, recibi\u00f3 propuestas de las diferentes organizaciones e instancias del Poder Popular con el prop\u00f3sito de garantizar la protecci\u00f3n de terrenos y espacios recuperados por el Gobierno Bolivariano para construir viviendas dignas para el pueblo venezolano.<\/p>\n\n\n\n<p>\u201cVamos entrando en una nueva etapa de transici\u00f3n al socialismo 3R.Nets (Resistir, Renacer, Revolucionar, donde debemos garantizar las v\u00edas de comunicaci\u00f3n con el pueblo para brindar las soluciones a los problemas\u201d, asever\u00f3 el Dignatario, desde el Palacio de Miraflores, en Caracas.<\/p>\n\n\n\n<p>En contexto, ratific\u00f3 que el s\u00f3lo el di\u00e1logo asegurar\u00e1 una v\u00eda para escuchar la cr\u00edtica \u201cy el clamor popular y en el caso de la vivienda hay que abrir las compuertas para escuchar las cr\u00edticas y propuestas del Poder Popular\u201d.<\/p>\n\n\n\n<p>Exhort\u00f3 a los organismos del Estado a dar\u00a0 cumplimiento de los reglamentos que protejan a los trabajadores y trabajadoras residenciales. \u201cTenemos que tener una v\u00eda de comunicaci\u00f3n para cuando haya alg\u00fan tipo de violaci\u00f3n de la ley de act\u00fae de manera inmediata\u201d.<\/p>\n\n\n\n<p>Al respecto, solicit\u00f3 a la vicepresidenta Ejecutiva, Delcy Rodr\u00edguez, a revisar el Reglamento de la Ley de trabajadores residenciales, con el prop\u00f3sito de redactarlo, aprobarlo y publicarlo a trav\u00e9s de \u201cGaceta Oficial y que sea parte de la protecci\u00f3n de las trabajadoras residenciales\u201d.<\/p>\n\n\n\n<p>Finalmente, el Jefe de Estado precis\u00f3 que el Ministerio del Poder Popular para H\u00e1bitat y Vivienda y Comunas, \u201cdeben trabajar el tema el tema de las viviendas para las trabajadoras residenciales que lo necesitan. Sobre todo para aquellas de las tercera edad, estamos en condiciones de dar respuestas\u201d, concluy\u00f3.<\/p>\n\n\n\n<p><strong>Prensa Presidencial\/Joelin Jim\u00e9nez<\/strong><\/p>\n","protected":false},"excerpt":{"rendered":"<p>Palacio de Miraflores, Caracas.- Al sostener un encuentro con el Movimiento de Pobladores y Pobladoras, el presidente de la Rep\u00fablica, Nicol\u00e1s Maduro, recibi\u00f3 propuestas de las diferentes organizaciones e instancias del Poder Popular con el prop\u00f3sito de garantizar la protecci\u00f3n de terrenos y espacios recuperados por el Gobierno Bolivariano para construir viviendas dignas para el [&hellip;]<\/p>\n","protected":false},"author":6,"featured_media":2638,"comment_status":"open","ping_status":"open","sticky":false,"template":"","format":"standard","meta":{"footnotes":""},"categories":[7],"tags":[],"class_list":["post-2636","post","type-post","status-publish","format-standard","has-post-thumbnail","hentry","category-notas-de-prensa"],"_links":{"self":[{"href":"https:\/\/prensapresidencialvenezuela.gob.ve\/index.php\/wp-json\/wp\/v2\/posts\/2636","targetHints":{"allow":["GET"]}}],"collection":[{"href":"https:\/\/prensapresidencialvenezuela.gob.ve\/index.php\/wp-json\/wp\/v2\/posts"}],"about":[{"href":"https:\/\/prensapresidencialvenezuela.gob.ve\/index.php\/wp-json\/wp\/v2\/types\/post"}],"author":[{"embeddable":true,"href":"https:\/\/prensapresidencialvenezuela.gob.ve\/index.php\/wp-json\/wp\/v2\/users\/6"}],"replies":[{"embeddable":true,"href":"https:\/\/prensapresidencialvenezuela.gob.ve\/index.php\/wp-json\/wp\/v2\/comments?post=2636"}],"version-history":[{"count":1,"href":"https:\/\/prensapresidencialvenezuela.gob.ve\/index.php\/wp-json\/wp\/v2\/posts\/2636\/revisions"}],"predecessor-version":[{"id":2639,"href":"https:\/\/prensapresidencialvenezuela.gob.ve\/index.php\/wp-json\/wp\/v2\/posts\/2636\/revisions\/2639"}],"wp:featuredmedia":[{"embeddable":true,"href":"https:\/\/prensapresidencialvenezuela.gob.ve\/index.php\/wp-json\/wp\/v2\/media\/2638"}],"wp:attachment":[{"href":"https:\/\/prensapresidencialvenezuela.gob.ve\/index.php\/wp-json\/wp\/v2\/media?parent=2636"}],"wp:term":[{"taxonomy":"category","embeddable":true,"href":"https:\/\/prensapresidencialvenezuela.gob.ve\/index.php\/wp-json\/wp\/v2\/categories?post=2636"},{"taxonomy":"post_tag","embeddable":true,"href":"https:\/\/prensapresidencialvenezuela.gob.ve\/index.php\/wp-json\/wp\/v2\/tags?post=2636"}],"curies":[{"name":"wp","href":"https:\/\/api.w.org\/{rel}","templated":true}]}}