{"id":2663,"date":"2022-06-23T18:49:00","date_gmt":"2022-06-23T18:49:00","guid":{"rendered":"http:\/\/172.27.0.121\/?p=2663"},"modified":"2022-07-13T18:50:18","modified_gmt":"2022-07-13T18:50:18","slug":"venezuela-ira-a-la-vanguardia-de-construccion-de-comunidades-democraticas","status":"publish","type":"post","link":"https:\/\/prensapresidencialvenezuela.gob.ve\/index.php\/2022\/06\/23\/venezuela-ira-a-la-vanguardia-de-construccion-de-comunidades-democraticas\/","title":{"rendered":"Venezuela ir\u00e1 a la vanguardia de construcci\u00f3n de comunidades democr\u00e1ticas"},"content":{"rendered":"\n<p><strong>Fuerte Tiuna, Caracas.-<\/strong> \u201cSomos vanguardia para construir complejos habitacionales, urbanismo, casas, apartamentos y tenemos que ser vanguardia tambi\u00e9n para construir comunidad democr\u00e1tica, protag\u00f3nica, viva, participativa, para construir consejos comunales\u201d.<\/p>\n\n\n\n<p>As\u00ed inst\u00f3 el presidente de la Rep\u00fablica Bolivariana de Venezuela, Nicol\u00e1s Maduro Moros, durante la entrega del hito de la vivienda 4 millones 100 mil, reiterando que \u201ccon el cemento y la cabilla levantamos la vivienda, pero con el coraz\u00f3n, el alma y la consciencia levantamos la comunidad, la uni\u00f3n familiar\u00bb.<\/p>\n\n\n\n<p>El Jefe de Estado destac\u00f3 la importancia de la construcci\u00f3n de Consejos Comunales en cada complejo habitacional, hacer posible el autogobierno comunal.<\/p>\n\n\n\n<p>\u201cCon la llegada de ustedes como familia a los nuevos urbanismos tienen \u2013que construir-, ahora con conciencia; el bloque de la conciencia, el cemento del amor y la cabilla del alma revolucionaria: construir Consejos Comunales,&nbsp; construir comuna, construir comunidad, a mantener bello todos los espacios p\u00fablicos, a consultar, en autogobierno popular consultar, todos los temas de inter\u00e9s\u201d, llam\u00f3.<\/p>\n\n\n\n<p>En esa l\u00ednea llam\u00f3 a la unidad en las comunidades \u201chay que buscar la superaci\u00f3n de los problemas que surgen normalmente (\u2026), ir al encuentro comunitario de la familia para que la gran misi\u00f3n vivienda Venezuela&nbsp; sea el gran territorio del socialismo comunitario del siglo XXI, el nuevo socialismo de la comunidad, de la ciudadana, de hombre, de la mujer; el socialismo de la familia\u201d, precis\u00f3.<\/p>\n\n\n\n<p><strong>Prensa Presidencial\/Eduardo Hueck<\/strong><\/p>\n\n\n\n<p><a rel=\"noreferrer noopener\" href=\"http:\/\/www.minci.gob.ve\/venezuela-ira-a-la-vanguardia-de-construccion-de-comunidades-democraticas\/#\" target=\"_blank\"><\/a><\/p>\n\n\n\n<p><a rel=\"noreferrer noopener\" href=\"https:\/\/plus.google.com\/share?url=http:\/\/www.minci.gob.ve\/venezuela-ira-a-la-vanguardia-de-construccion-de-comunidades-democraticas\/\" target=\"_blank\"><\/a><\/p>\n\n\n\n<p><a href=\"whatsapp:\/\/send?text=Venezuela%20ir\u00e1%20a%20la%20vanguardia%20de%20construcci\u00f3n%20de%20comunidades%20democr\u00e1ticas%20http%3A%2F%2Fwww.minci.gob.ve%2F%3Fp%3D433427\"><\/a><\/p>\n\n\n\n<p><a rel=\"noreferrer noopener\" href=\"\/\/msg?text=Venezuela%20ir\u00e1%20a%20la%20vanguardia%20de%20construcci\u00f3n%20de%20comunidades%20democr\u00e1ticas%20http%3A%2F%2Fwww.minci.gob.ve%2F%3Fp%3D433427\" target=\"_blank\"><\/a><\/p>\n\n\n\n<p><a rel=\"noreferrer noopener\" href=\"sms:&amp;body=Venezuela%20ir\u00e1%20a%20la%20vanguardia%20de%20construcci\u00f3n%20de%20comunidades%20democr\u00e1ticas%20http%3A%2F%2Fwww.minci.gob.ve%2F%3Fp%3D433427\" target=\"_blank\"><\/a><\/p>\n\n\n\n<p><a rel=\"noreferrer noopener\" href=\"http:\/\/compose.mail.yahoo.com\/?body=http:\/\/www.minci.gob.ve\/venezuela-ira-a-la-vanguardia-de-construccion-de-comunidades-democraticas\/\" target=\"_blank\"><\/a><\/p>\n\n\n\n<p><a rel=\"noreferrer noopener\" href=\"https:\/\/mail.google.com\/mail\/u\/0\/?view=cm&amp;fs=1&amp;su=Venezuela+ir%C3%A1+a+la+vanguardia+de+construcci%C3%B3n+de+comunidades+democr%C3%A1ticas&amp;body=http:\/\/www.minci.gob.ve\/venezuela-ira-a-la-vanguardia-de-construccion-de-comunidades-democraticas\/&amp;ui=2&amp;tf=1\" target=\"_blank\"><\/a><\/p>\n","protected":false},"excerpt":{"rendered":"<p>Fuerte Tiuna, Caracas.- \u201cSomos vanguardia para construir complejos habitacionales, urbanismo, casas, apartamentos y tenemos que ser vanguardia tambi\u00e9n para construir comunidad democr\u00e1tica, protag\u00f3nica, viva, participativa, para construir consejos comunales\u201d. As\u00ed inst\u00f3 el presidente de la Rep\u00fablica Bolivariana de Venezuela, Nicol\u00e1s Maduro Moros, durante la entrega del hito de la vivienda 4 millones 100 mil, reiterando [&hellip;]<\/p>\n","protected":false},"author":6,"featured_media":2664,"comment_status":"open","ping_status":"open","sticky":false,"template":"","format":"standard","meta":{"footnotes":""},"categories":[7],"tags":[],"class_list":["post-2663","post","type-post","status-publish","format-standard","has-post-thumbnail","hentry","category-notas-de-prensa"],"_links":{"self":[{"href":"https:\/\/prensapresidencialvenezuela.gob.ve\/index.php\/wp-json\/wp\/v2\/posts\/2663","targetHints":{"allow":["GET"]}}],"collection":[{"href":"https:\/\/prensapresidencialvenezuela.gob.ve\/index.php\/wp-json\/wp\/v2\/posts"}],"about":[{"href":"https:\/\/prensapresidencialvenezuela.gob.ve\/index.php\/wp-json\/wp\/v2\/types\/post"}],"author":[{"embeddable":true,"href":"https:\/\/prensapresidencialvenezuela.gob.ve\/index.php\/wp-json\/wp\/v2\/users\/6"}],"replies":[{"embeddable":true,"href":"https:\/\/prensapresidencialvenezuela.gob.ve\/index.php\/wp-json\/wp\/v2\/comments?post=2663"}],"version-history":[{"count":1,"href":"https:\/\/prensapresidencialvenezuela.gob.ve\/index.php\/wp-json\/wp\/v2\/posts\/2663\/revisions"}],"predecessor-version":[{"id":2665,"href":"https:\/\/prensapresidencialvenezuela.gob.ve\/index.php\/wp-json\/wp\/v2\/posts\/2663\/revisions\/2665"}],"wp:featuredmedia":[{"embeddable":true,"href":"https:\/\/prensapresidencialvenezuela.gob.ve\/index.php\/wp-json\/wp\/v2\/media\/2664"}],"wp:attachment":[{"href":"https:\/\/prensapresidencialvenezuela.gob.ve\/index.php\/wp-json\/wp\/v2\/media?parent=2663"}],"wp:term":[{"taxonomy":"category","embeddable":true,"href":"https:\/\/prensapresidencialvenezuela.gob.ve\/index.php\/wp-json\/wp\/v2\/categories?post=2663"},{"taxonomy":"post_tag","embeddable":true,"href":"https:\/\/prensapresidencialvenezuela.gob.ve\/index.php\/wp-json\/wp\/v2\/tags?post=2663"}],"curies":[{"name":"wp","href":"https:\/\/api.w.org\/{rel}","templated":true}]}}