{"id":2683,"date":"2022-06-24T18:57:00","date_gmt":"2022-06-24T18:57:00","guid":{"rendered":"http:\/\/172.27.0.121\/?p=2683"},"modified":"2022-07-13T18:58:35","modified_gmt":"2022-07-13T18:58:35","slug":"embajador-de-mexico-entrega-cartas-credenciales-al-presidente-nicolas-maduro","status":"publish","type":"post","link":"https:\/\/prensapresidencialvenezuela.gob.ve\/index.php\/2022\/06\/24\/embajador-de-mexico-entrega-cartas-credenciales-al-presidente-nicolas-maduro\/","title":{"rendered":"Embajador de M\u00e9xico entrega cartas credenciales al presidente Nicol\u00e1s Maduro"},"content":{"rendered":"\n<p><strong>Palacio de Miraflores, Caracas.-<\/strong> El embajador designado por los Estados Unidos de Mexicanos ante la Rep\u00fablica Bolivariana de Venezuela, Leopoldo De Givez de la Cruz, entrega cartas credenciales al jefe de Estado y de Gobierno, Nicol\u00e1s Maduro, en el Palacio de Miraflores.<\/p>\n\n\n\n<p>El diplom\u00e1tico mexicano, en su amplia trayectoria de lucha social, fue el primer presidente municipal de Juchit\u00e1n (1981-1983) con visi\u00f3n de izquierda por el Partido Comunista Mexicano (PCM), gracias a la alianza de la Coalici\u00f3n Obrero Campesino Estudiantil del Istmo (COCEI) y el Partido Socialista Unificado de M\u00e9xico (PSUM).<\/p>\n\n\n\n<p>Entre 1985-1988 se uni\u00f3 al PSUM y gan\u00f3 un esca\u00f1o en la C\u00e1mara de Diputados a nivel federal durante la LIII Legislatura, para 1995 y 1998 fue diputado en el en el Congreso de Oaxaca, cuando se adhiri\u00f3 al Partido de la Revoluci\u00f3n Democr\u00e1tica (PRD), logr\u00f3 un segundo mandato la presidencia municipal de Juchit\u00e1n durante el per\u00edodo 1999-2001.<\/p>\n\n\n\n<p>Desde el triunfo en el a\u00f1o 2018 del presidente mexicano Manuel L\u00f3pez Obrador, la naci\u00f3n centro americana ha fijado su posici\u00f3n en la autodeterminaci\u00f3n, soberan\u00eda y respeto&nbsp; de los pueblos, dejando en claro su oposici\u00f3n al injerencismo e imposiciones de medidas que busquen perjudicar la estabilidad de una naci\u00f3n, enfocado en establecer relaciones de amistad, cooperaci\u00f3n y unidad.<\/p>\n\n\n\n<p><strong>Prensa Presidencial\/Eduardo Hueck<\/strong><\/p>\n\n\n\n<p><a rel=\"noreferrer noopener\" href=\"http:\/\/www.minci.gob.ve\/embajador-de-mexico-entrega-cartas-credenciales-al-presidente-nicolas-maduro\/#\" target=\"_blank\"><\/a><\/p>\n\n\n\n<p><a rel=\"noreferrer noopener\" href=\"https:\/\/plus.google.com\/share?url=http:\/\/www.minci.gob.ve\/embajador-de-mexico-entrega-cartas-credenciales-al-presidente-nicolas-maduro\/\" target=\"_blank\"><\/a><\/p>\n\n\n\n<p><a href=\"whatsapp:\/\/send?text=Embajador%20de%20M\u00e9xico%20entrega%20cartas%20credenciales%20al%20presidente%20Nicol\u00e1s%20Maduro%20http%3A%2F%2Fwww.minci.gob.ve%2F%3Fp%3D433440\"><\/a><\/p>\n\n\n\n<p><a rel=\"noreferrer noopener\" href=\"\/\/msg?text=Embajador%20de%20M\u00e9xico%20entrega%20cartas%20credenciales%20al%20presidente%20Nicol\u00e1s%20Maduro%20http%3A%2F%2Fwww.minci.gob.ve%2F%3Fp%3D433440\" target=\"_blank\"><\/a><\/p>\n\n\n\n<p><a rel=\"noreferrer noopener\" href=\"sms:&amp;body=Embajador%20de%20M\u00e9xico%20entrega%20cartas%20credenciales%20al%20presidente%20Nicol\u00e1s%20Maduro%20http%3A%2F%2Fwww.minci.gob.ve%2F%3Fp%3D433440\" target=\"_blank\"><\/a><\/p>\n\n\n\n<p><a rel=\"noreferrer noopener\" href=\"http:\/\/compose.mail.yahoo.com\/?body=http:\/\/www.minci.gob.ve\/embajador-de-mexico-entrega-cartas-credenciales-al-presidente-nicolas-maduro\/\" target=\"_blank\"><\/a><\/p>\n\n\n\n<p><a rel=\"noreferrer noopener\" href=\"https:\/\/mail.google.com\/mail\/u\/0\/?view=cm&amp;fs=1&amp;su=Embajador+de+M%C3%A9xico+entrega+cartas+credenciales+al+presidente+Nicol%C3%A1s+Maduro&amp;body=http:\/\/www.minci.gob.ve\/embajador-de-mexico-entrega-cartas-credenciales-al-presidente-nicolas-maduro\/&amp;ui=2&amp;tf=1\" target=\"_blank\"><\/a><\/p>\n","protected":false},"excerpt":{"rendered":"<p>Palacio de Miraflores, Caracas.- El embajador designado por los Estados Unidos de Mexicanos ante la Rep\u00fablica Bolivariana de Venezuela, Leopoldo De Givez de la Cruz, entrega cartas credenciales al jefe de Estado y de Gobierno, Nicol\u00e1s Maduro, en el Palacio de Miraflores. El diplom\u00e1tico mexicano, en su amplia trayectoria de lucha social, fue el primer [&hellip;]<\/p>\n","protected":false},"author":6,"featured_media":2684,"comment_status":"open","ping_status":"open","sticky":false,"template":"","format":"standard","meta":{"footnotes":""},"categories":[7],"tags":[],"class_list":["post-2683","post","type-post","status-publish","format-standard","has-post-thumbnail","hentry","category-notas-de-prensa"],"_links":{"self":[{"href":"https:\/\/prensapresidencialvenezuela.gob.ve\/index.php\/wp-json\/wp\/v2\/posts\/2683","targetHints":{"allow":["GET"]}}],"collection":[{"href":"https:\/\/prensapresidencialvenezuela.gob.ve\/index.php\/wp-json\/wp\/v2\/posts"}],"about":[{"href":"https:\/\/prensapresidencialvenezuela.gob.ve\/index.php\/wp-json\/wp\/v2\/types\/post"}],"author":[{"embeddable":true,"href":"https:\/\/prensapresidencialvenezuela.gob.ve\/index.php\/wp-json\/wp\/v2\/users\/6"}],"replies":[{"embeddable":true,"href":"https:\/\/prensapresidencialvenezuela.gob.ve\/index.php\/wp-json\/wp\/v2\/comments?post=2683"}],"version-history":[{"count":1,"href":"https:\/\/prensapresidencialvenezuela.gob.ve\/index.php\/wp-json\/wp\/v2\/posts\/2683\/revisions"}],"predecessor-version":[{"id":2685,"href":"https:\/\/prensapresidencialvenezuela.gob.ve\/index.php\/wp-json\/wp\/v2\/posts\/2683\/revisions\/2685"}],"wp:featuredmedia":[{"embeddable":true,"href":"https:\/\/prensapresidencialvenezuela.gob.ve\/index.php\/wp-json\/wp\/v2\/media\/2684"}],"wp:attachment":[{"href":"https:\/\/prensapresidencialvenezuela.gob.ve\/index.php\/wp-json\/wp\/v2\/media?parent=2683"}],"wp:term":[{"taxonomy":"category","embeddable":true,"href":"https:\/\/prensapresidencialvenezuela.gob.ve\/index.php\/wp-json\/wp\/v2\/categories?post=2683"},{"taxonomy":"post_tag","embeddable":true,"href":"https:\/\/prensapresidencialvenezuela.gob.ve\/index.php\/wp-json\/wp\/v2\/tags?post=2683"}],"curies":[{"name":"wp","href":"https:\/\/api.w.org\/{rel}","templated":true}]}}