{"id":2693,"date":"2022-06-25T19:01:00","date_gmt":"2022-06-25T19:01:00","guid":{"rendered":"http:\/\/172.27.0.121\/?p=2693"},"modified":"2022-07-13T19:02:58","modified_gmt":"2022-07-13T19:02:58","slug":"presidente-maduro-califico-como-exitosa-la-activacion-de-las-bricomiles","status":"publish","type":"post","link":"https:\/\/prensapresidencialvenezuela.gob.ve\/index.php\/2022\/06\/25\/presidente-maduro-califico-como-exitosa-la-activacion-de-las-bricomiles\/","title":{"rendered":"Presidente Maduro calific\u00f3 como exitosa la activaci\u00f3n de las BRICOMILES"},"content":{"rendered":"\n<p><strong>Palacio de Miraflores, Caracas.-<\/strong> A prop\u00f3sito de la activaci\u00f3n de las Brigadas Comunales Militares para la Educaci\u00f3n y la Salud (BRICOMILES) en las escuelas, este s\u00e1bado el presidente de la Rep\u00fablica Bolivariana de Venezuela, Nicol\u00e1s Maduro, calific\u00f3 como un \u00e9xito la puesta en marcha de esta instancia, la cual busca consolidar la rehabilitaci\u00f3n de los planteles educativos de todo el pa\u00eds.<\/p>\n\n\n\n<p>A trav\u00e9s de un mensaje en su cuenta de la red social Twitter @NicolasMaduro, agradeci\u00f3 a las comunidades, \u201cl\u00edderes y lideresas de las diferentes organizaciones comunitarias, estudiantiles, UBCH, Consejos Comunales y a nuestra FANB\u201d, por la activaci\u00f3n de las Brigadas, las cuales se suman a las recuperaci\u00f3n y rehabilitaci\u00f3n de los espacios educativos del territorio nacional.<\/p>\n\n\n\n<p>Asimismo, ratific\u00f3 que la activaci\u00f3n de las BRICOMILES ha sido posible gracias al Sistema 1\u00d710 del Buen Gobierno, \u201cy a la prioridad que le hemos dado en estos 60 d\u00edas al tema de educaci\u00f3n, agua y salud\u201d.<\/p>\n\n\n\n<p>Al respecto, precis\u00f3 que el siguiente objetivo es \u201cpreparar el plan completo (la Agenda Concreta de Acci\u00f3n) en cada escuela, en cada liceo y poner bellas todas las escuelas, liceos y nuestro sistema educativo. Por nuestra juventud, por nuestros ni\u00f1os y ni\u00f1as. Gracias, han nacido las BRICOMILES para la educaci\u00f3n del 1\u00d710 del Buen Gobierno!\u201d.<\/p>\n\n\n\n<p>El pasado lunes 20 de junio, el Jefe de Estado anunci\u00f3 la creaci\u00f3n de las Brigadas Comunales Militares para la Educaci\u00f3n y la Salud, con motivo de las tareas de recuperaci\u00f3n de la infraestructura de los centros educativos y de asistencia m\u00e9dica en el pa\u00eds.<\/p>\n\n\n\n<p>En las BRICOMILES participan el Poder Popular organizado, el partido Socialista Unido de Venezuela (PSUV), diputados de la Asamblea Nacional y la Fuerza Armada Nacional Bolivariana (FANB), as\u00ed como los Consejos Comunales, el Movimiento Somos Venezuela, el Movimiento Bolivariano de Familias y las organizaciones estudiantiles, entre otras.<\/p>\n\n\n\n<p><strong>Prensa Presidencial\/Joelin Jim\u00e9nez<\/strong><\/p>\n","protected":false},"excerpt":{"rendered":"<p>Palacio de Miraflores, Caracas.- A prop\u00f3sito de la activaci\u00f3n de las Brigadas Comunales Militares para la Educaci\u00f3n y la Salud (BRICOMILES) en las escuelas, este s\u00e1bado el presidente de la Rep\u00fablica Bolivariana de Venezuela, Nicol\u00e1s Maduro, calific\u00f3 como un \u00e9xito la puesta en marcha de esta instancia, la cual busca consolidar la rehabilitaci\u00f3n de los [&hellip;]<\/p>\n","protected":false},"author":6,"featured_media":2696,"comment_status":"open","ping_status":"open","sticky":false,"template":"","format":"standard","meta":{"footnotes":""},"categories":[7],"tags":[],"class_list":["post-2693","post","type-post","status-publish","format-standard","has-post-thumbnail","hentry","category-notas-de-prensa"],"_links":{"self":[{"href":"https:\/\/prensapresidencialvenezuela.gob.ve\/index.php\/wp-json\/wp\/v2\/posts\/2693","targetHints":{"allow":["GET"]}}],"collection":[{"href":"https:\/\/prensapresidencialvenezuela.gob.ve\/index.php\/wp-json\/wp\/v2\/posts"}],"about":[{"href":"https:\/\/prensapresidencialvenezuela.gob.ve\/index.php\/wp-json\/wp\/v2\/types\/post"}],"author":[{"embeddable":true,"href":"https:\/\/prensapresidencialvenezuela.gob.ve\/index.php\/wp-json\/wp\/v2\/users\/6"}],"replies":[{"embeddable":true,"href":"https:\/\/prensapresidencialvenezuela.gob.ve\/index.php\/wp-json\/wp\/v2\/comments?post=2693"}],"version-history":[{"count":1,"href":"https:\/\/prensapresidencialvenezuela.gob.ve\/index.php\/wp-json\/wp\/v2\/posts\/2693\/revisions"}],"predecessor-version":[{"id":2697,"href":"https:\/\/prensapresidencialvenezuela.gob.ve\/index.php\/wp-json\/wp\/v2\/posts\/2693\/revisions\/2697"}],"wp:featuredmedia":[{"embeddable":true,"href":"https:\/\/prensapresidencialvenezuela.gob.ve\/index.php\/wp-json\/wp\/v2\/media\/2696"}],"wp:attachment":[{"href":"https:\/\/prensapresidencialvenezuela.gob.ve\/index.php\/wp-json\/wp\/v2\/media?parent=2693"}],"wp:term":[{"taxonomy":"category","embeddable":true,"href":"https:\/\/prensapresidencialvenezuela.gob.ve\/index.php\/wp-json\/wp\/v2\/categories?post=2693"},{"taxonomy":"post_tag","embeddable":true,"href":"https:\/\/prensapresidencialvenezuela.gob.ve\/index.php\/wp-json\/wp\/v2\/tags?post=2693"}],"curies":[{"name":"wp","href":"https:\/\/api.w.org\/{rel}","templated":true}]}}