{"id":2695,"date":"2022-03-09T16:40:00","date_gmt":"2022-03-09T16:40:00","guid":{"rendered":"http:\/\/172.27.0.121\/?p=2695"},"modified":"2022-07-13T19:17:22","modified_gmt":"2022-07-13T19:17:22","slug":"octava-estrella-de-la-bandera-elevo-la-moral-y-el-heroismo-de-independencia-del-pueblo","status":"publish","type":"post","link":"https:\/\/prensapresidencialvenezuela.gob.ve\/index.php\/2022\/03\/09\/octava-estrella-de-la-bandera-elevo-la-moral-y-el-heroismo-de-independencia-del-pueblo\/","title":{"rendered":"Octava estrella de la Bandera elev\u00f3 la moral y el hero\u00edsmo de independencia del pueblo"},"content":{"rendered":"\n<p><strong>Palacio de Miraflores, Caracas. \u2013<\/strong> En la reconstrucci\u00f3n de la memoria hist\u00f3rica como derecho soberano de las naciones libres e independientes, el 9 de marzo de 2006, la Asamblea Nacional por iniciativa del Comandante Eterno Hugo Ch\u00e1vez, aprob\u00f3 incorporarla octava estrella en nuestra bandera patria.<\/p>\n\n\n\n<p>La solicitud se hab\u00eda establecido para dar cumplimiento al decreto de fecha 20 de noviembre de 1817, delPadre de la Patria, Sim\u00f3n Bol\u00edvar; que simboliza la libertad de la provincia de Guayana del yugo espa\u00f1ol a finales de 1816.<\/p>\n\n\n\n<p>Se trataba entonces de la modificaci\u00f3n a la Ley de S\u00edmbolos Patrios, que adem\u00e1s de la suma de la octava estrella, permit\u00edacambios al Escudo Nacionalen el sentido de la direcci\u00f3n del caballo de derecha a izquierda.<\/p>\n\n\n\n<p>Para ese momento, la exposici\u00f3n de motivos de la propuesta fue presentada por la Primera Combatiente Cilia Flores de Maduro, diputada en ese entonces, as\u00ed como los parlamentarios Rodolfo Sanz y \u00c1ngel Rodr\u00edguez.<\/p>\n\n\n\n<p>Vale destacar que este hecho hist\u00f3rico representa un acto de justicia con la poblaci\u00f3n de la regi\u00f3n de Guayana, (territorio conformado por los actuales estados Amazonas, Bol\u00edvar y Delta Amacuro) que durante la gesta de independencia fueron los principales abastecedores de pertrechos, alimentos y animales para las tropas libertadoras en sus diferentes campa\u00f1as para liberar aVenezuela, Colombia y Ecuador.<\/p>\n\n\n\n<p>Para entonces Ch\u00e1vez, expres\u00f3 que la octava estrella, no era un capricho de \u00e9l: \u201cla octava estrella es la estrella de Bol\u00edvar, es la del Libertador\u201d, dijo.<br>Las primeras 7 estrellas hacen referencia a las provincias que declararon la independencia de Venezuela el 5 de julio de 1811. Margarita, Cuman\u00e1, Barcelona, Barinas, M\u00e9rida, Trujillo, Caracas y Guayana que fue liberada finales de 1816.<\/p>\n\n\n\n<p>En el art\u00edculo \u00fanico decretado por el Libertador, reza: \u201cA las siete estrellas que lleva la Bandera Nacional de Venezuela se a\u00f1adir\u00e1 una, como emblema de la provincia de Guayana, de modo que el n\u00famero de estrellas ser\u00e1 en adelante de ocho\u201d.<\/p>\n\n\n\n<p>Tras la desintegraci\u00f3n de la Gran Colombia, la bandera de Venezuela regres\u00f3 con s\u00f3lo 7 estrellas y por casi dos siglos no hubo la voluntad pol\u00edtica de los caudillos militares y dirigentes oligarcas del pa\u00eds para respetar la voluntad del Libertador Sim\u00f3n Bol\u00edvar.<\/p>\n\n\n\n<p>A pesar que este decreto fue derogado en 1821, por parte de los que dividieron el ideal bolivariano, en el Congreso de C\u00facuta, no visionaron que la historia revindicar\u00eda y exaltar\u00eda este s\u00edmbolo aut\u00e9ntico de libertad.<\/p>\n\n\n\n<p>Fue con la llegada de la Revoluci\u00f3n Bolivariana y con la voluntad del Comandante Eterno Hugo Ch\u00e1vez, en su gesti\u00f3n como Presidente de la Rep\u00fablica, que se lograla incorporaci\u00f3n de la octava estrella al tricolor nacional como un gesto de reconocimiento al pueblo patriota de Guayana que anim\u00f3 las luchas de independencia.<\/p>\n\n\n\n<p><strong>Prensa Presidencial \/ Eduardo Hueck<\/strong><\/p>\n","protected":false},"excerpt":{"rendered":"<p>Palacio de Miraflores, Caracas. \u2013 En la reconstrucci\u00f3n de la memoria hist\u00f3rica como derecho soberano de las naciones libres e independientes, el 9 de marzo de 2006, la Asamblea Nacional por iniciativa del Comandante Eterno Hugo Ch\u00e1vez, aprob\u00f3 incorporarla octava estrella en nuestra bandera patria. La solicitud se hab\u00eda establecido para dar cumplimiento al decreto [&hellip;]<\/p>\n","protected":false},"author":6,"featured_media":2718,"comment_status":"open","ping_status":"open","sticky":false,"template":"","format":"standard","meta":{"footnotes":""},"categories":[10],"tags":[],"class_list":["post-2695","post","type-post","status-publish","format-standard","has-post-thumbnail","hentry","category-especiales"],"_links":{"self":[{"href":"https:\/\/prensapresidencialvenezuela.gob.ve\/index.php\/wp-json\/wp\/v2\/posts\/2695","targetHints":{"allow":["GET"]}}],"collection":[{"href":"https:\/\/prensapresidencialvenezuela.gob.ve\/index.php\/wp-json\/wp\/v2\/posts"}],"about":[{"href":"https:\/\/prensapresidencialvenezuela.gob.ve\/index.php\/wp-json\/wp\/v2\/types\/post"}],"author":[{"embeddable":true,"href":"https:\/\/prensapresidencialvenezuela.gob.ve\/index.php\/wp-json\/wp\/v2\/users\/6"}],"replies":[{"embeddable":true,"href":"https:\/\/prensapresidencialvenezuela.gob.ve\/index.php\/wp-json\/wp\/v2\/comments?post=2695"}],"version-history":[{"count":1,"href":"https:\/\/prensapresidencialvenezuela.gob.ve\/index.php\/wp-json\/wp\/v2\/posts\/2695\/revisions"}],"predecessor-version":[{"id":2720,"href":"https:\/\/prensapresidencialvenezuela.gob.ve\/index.php\/wp-json\/wp\/v2\/posts\/2695\/revisions\/2720"}],"wp:featuredmedia":[{"embeddable":true,"href":"https:\/\/prensapresidencialvenezuela.gob.ve\/index.php\/wp-json\/wp\/v2\/media\/2718"}],"wp:attachment":[{"href":"https:\/\/prensapresidencialvenezuela.gob.ve\/index.php\/wp-json\/wp\/v2\/media?parent=2695"}],"wp:term":[{"taxonomy":"category","embeddable":true,"href":"https:\/\/prensapresidencialvenezuela.gob.ve\/index.php\/wp-json\/wp\/v2\/categories?post=2695"},{"taxonomy":"post_tag","embeddable":true,"href":"https:\/\/prensapresidencialvenezuela.gob.ve\/index.php\/wp-json\/wp\/v2\/tags?post=2695"}],"curies":[{"name":"wp","href":"https:\/\/api.w.org\/{rel}","templated":true}]}}