{"id":2698,"date":"2022-06-27T19:03:00","date_gmt":"2022-06-27T19:03:00","guid":{"rendered":"http:\/\/172.27.0.121\/?p=2698"},"modified":"2022-07-13T19:04:25","modified_gmt":"2022-07-13T19:04:25","slug":"presidente-maduro-entrega-premio-nacional-de-periodismo-2022","status":"publish","type":"post","link":"https:\/\/prensapresidencialvenezuela.gob.ve\/index.php\/2022\/06\/27\/presidente-maduro-entrega-premio-nacional-de-periodismo-2022\/","title":{"rendered":"Presidente Maduro entrega Premio Nacional de Periodismo 2022"},"content":{"rendered":"\n<p><strong>Palacio de Miraflores, Caracas.- <\/strong>El presidente la Rep\u00fablica Bolivariana de Venezuela, Nicol\u00e1s Maduro, entrega la tarde de este lunes&nbsp; el Premio Nacional de Periodismo Sim\u00f3n Bol\u00edvar, en su 80\u00ba edici\u00f3n, desde el Sal\u00f3n Ayacucho del Palacio de Miraflores.<\/p>\n\n\n\n<p>Esta edici\u00f3n se realiza en homenaje al profesor, periodista, cronista, poeta y narrador venezolano, acreedor del premio en tres oportunidades por sus aportes al periodismo, Earle Herrera.<\/p>\n\n\n\n<p>Este a\u00f1o fueron galardonados Felipe Saldivia, con el premio \u00danico de Periodismo Sim\u00f3n Bol\u00edvar; Gerardo Blanco, con el premio de Impreso; por la categor\u00eda Imagen Gr\u00e1fica fue seleccionado Jos\u00e9 Luis D\u00edaz; en Opini\u00f3n se lo llev\u00f3 Clodovaldo Hern\u00e1ndez y el premio para Docencia e Investigaci\u00f3n corresponde a Orlando Villalobos.<\/p>\n\n\n\n<p>El premio en Radio destac\u00f3 el \u201cNoticiero Mundial\u201d, transmitido por YVKE Mundial; en televisi\u00f3n, el programa \u201c360\u201d de Venezolana de Televisi\u00f3n; el premio de Periodismo Comunitario y Alternativo es para el Sistema Integrado de Medios Alternativos y Comunitarios de Lara (Sima); en el periodismo digital el ganador es el sitio web Noticias Barquisimeto.<\/p>\n\n\n\n<p>Para este a\u00f1o fueron a\u00f1adidas las siguientes categor\u00edas: el premio de periodismo en Twitter es para la comunicadora Orlenys Ortiz; periodismo en Facebook le corresponde al colectivo de comunicaci\u00f3n visual alternativa UTOPIX y en Instagram, al comunicador Al\u00ed Morales.<\/p>\n\n\n\n<p>Asimismo, el Premio Nacional de Periodismo en Podcast es para el comunicador Carlos Daniel Alvarado, por su programa La Hora del Cine.<\/p>\n\n\n\n<p><strong>Prensa Presidencial\/Eduardo Hueck<\/strong><\/p>\n","protected":false},"excerpt":{"rendered":"<p>Palacio de Miraflores, Caracas.- El presidente la Rep\u00fablica Bolivariana de Venezuela, Nicol\u00e1s Maduro, entrega la tarde de este lunes&nbsp; el Premio Nacional de Periodismo Sim\u00f3n Bol\u00edvar, en su 80\u00ba edici\u00f3n, desde el Sal\u00f3n Ayacucho del Palacio de Miraflores. Esta edici\u00f3n se realiza en homenaje al profesor, periodista, cronista, poeta y narrador venezolano, acreedor del premio [&hellip;]<\/p>\n","protected":false},"author":6,"featured_media":2699,"comment_status":"open","ping_status":"open","sticky":false,"template":"","format":"standard","meta":{"footnotes":""},"categories":[7],"tags":[],"class_list":["post-2698","post","type-post","status-publish","format-standard","has-post-thumbnail","hentry","category-notas-de-prensa"],"_links":{"self":[{"href":"https:\/\/prensapresidencialvenezuela.gob.ve\/index.php\/wp-json\/wp\/v2\/posts\/2698","targetHints":{"allow":["GET"]}}],"collection":[{"href":"https:\/\/prensapresidencialvenezuela.gob.ve\/index.php\/wp-json\/wp\/v2\/posts"}],"about":[{"href":"https:\/\/prensapresidencialvenezuela.gob.ve\/index.php\/wp-json\/wp\/v2\/types\/post"}],"author":[{"embeddable":true,"href":"https:\/\/prensapresidencialvenezuela.gob.ve\/index.php\/wp-json\/wp\/v2\/users\/6"}],"replies":[{"embeddable":true,"href":"https:\/\/prensapresidencialvenezuela.gob.ve\/index.php\/wp-json\/wp\/v2\/comments?post=2698"}],"version-history":[{"count":1,"href":"https:\/\/prensapresidencialvenezuela.gob.ve\/index.php\/wp-json\/wp\/v2\/posts\/2698\/revisions"}],"predecessor-version":[{"id":2700,"href":"https:\/\/prensapresidencialvenezuela.gob.ve\/index.php\/wp-json\/wp\/v2\/posts\/2698\/revisions\/2700"}],"wp:featuredmedia":[{"embeddable":true,"href":"https:\/\/prensapresidencialvenezuela.gob.ve\/index.php\/wp-json\/wp\/v2\/media\/2699"}],"wp:attachment":[{"href":"https:\/\/prensapresidencialvenezuela.gob.ve\/index.php\/wp-json\/wp\/v2\/media?parent=2698"}],"wp:term":[{"taxonomy":"category","embeddable":true,"href":"https:\/\/prensapresidencialvenezuela.gob.ve\/index.php\/wp-json\/wp\/v2\/categories?post=2698"},{"taxonomy":"post_tag","embeddable":true,"href":"https:\/\/prensapresidencialvenezuela.gob.ve\/index.php\/wp-json\/wp\/v2\/tags?post=2698"}],"curies":[{"name":"wp","href":"https:\/\/api.w.org\/{rel}","templated":true}]}}