{"id":2702,"date":"2022-06-27T19:06:00","date_gmt":"2022-06-27T19:06:00","guid":{"rendered":"http:\/\/172.27.0.121\/?p=2702"},"modified":"2022-07-13T19:07:44","modified_gmt":"2022-07-13T19:07:44","slug":"venezuela-y-ee-uu-inician-segunda-ronda-de-conversaciones","status":"publish","type":"post","link":"https:\/\/prensapresidencialvenezuela.gob.ve\/index.php\/2022\/06\/27\/venezuela-y-ee-uu-inician-segunda-ronda-de-conversaciones\/","title":{"rendered":"Venezuela y EE.UU. inician segunda ronda de conversaciones"},"content":{"rendered":"\n<p><strong>Palacio de Miraflores, Caracas.- <\/strong>En aras de profundizar el acercamiento iniciado el pasado 5 de marzo, este lunes arrib\u00f3 a territorio nacional una delegaci\u00f3n del gobierno de Estados Unidos (EE.UU.) para revisar la agenda bilateral con Venezuela.<\/p>\n\n\n\n<p>El anuncio lo realiz\u00f3 el presidente de la Rep\u00fablica, Nicol\u00e1s Maduro, quien detall\u00f3 que el presidente de la Asamblea Nacional (AN) y jefe de la delegaci\u00f3n del Gobierno Nacional en la Mesa de Di\u00e1logo, Jorge Rodr\u00edguez, quien \u201ca esta hora est\u00e1 reunido con esa delegaci\u00f3n, donde seguimos conversando diversos temas\u201d.<\/p>\n\n\n\n<p>\u201cJorge Rodr\u00edguez a esta hora est\u00e1 recibiendo a una delegaci\u00f3n de Estados Unidos que ha llegado hace dos horas y est\u00e1 trabajando para darle continuidad a las comunicaciones iniciada el 5 de marzo, as\u00ed como a la agenda bilateral entre el gobierno de Estados Unidos y el gobierno de Venezuela\u201d, puntualiz\u00f3 durante la entrega del Premio Nacional de Periodismo \u201cSim\u00f3n Bol\u00edvar\u201d 2022.<\/p>\n\n\n\n<p>La primera ronda de conversaciones se desarroll\u00f3 el s\u00e1bado 5 de marzo en el Palacio de Miraflores, ubicado en Caracas, donde el jefe de Estado y de Gobierno recibi\u00f3 a una comisi\u00f3n enviada por el presidente norteamericano, Joe Biden, bajo una ambiente amistoso y diplom\u00e1tico.<\/p>\n\n\n\n<p>En relaci\u00f3n al avance del di\u00e1logo Venezuela \u2013 EE.UU, el mandatario nacional se\u00f1al\u00f3 que, si bien se han dado pasos en la direcci\u00f3n correcta, a\u00fan \u201cfalta mucho todav\u00eda, mucha diplomacia, mucho di\u00e1logo y mucho entendimiento\u201d.<\/p>\n\n\n\n<p><strong>Prensa Presidencial\/Karelis Gonz\u00e1lez<\/strong><\/p>\n","protected":false},"excerpt":{"rendered":"<p>Palacio de Miraflores, Caracas.- En aras de profundizar el acercamiento iniciado el pasado 5 de marzo, este lunes arrib\u00f3 a territorio nacional una delegaci\u00f3n del gobierno de Estados Unidos (EE.UU.) para revisar la agenda bilateral con Venezuela. El anuncio lo realiz\u00f3 el presidente de la Rep\u00fablica, Nicol\u00e1s Maduro, quien detall\u00f3 que el presidente de la [&hellip;]<\/p>\n","protected":false},"author":6,"featured_media":2703,"comment_status":"open","ping_status":"open","sticky":false,"template":"","format":"standard","meta":{"footnotes":""},"categories":[7],"tags":[],"class_list":["post-2702","post","type-post","status-publish","format-standard","has-post-thumbnail","hentry","category-notas-de-prensa"],"_links":{"self":[{"href":"https:\/\/prensapresidencialvenezuela.gob.ve\/index.php\/wp-json\/wp\/v2\/posts\/2702","targetHints":{"allow":["GET"]}}],"collection":[{"href":"https:\/\/prensapresidencialvenezuela.gob.ve\/index.php\/wp-json\/wp\/v2\/posts"}],"about":[{"href":"https:\/\/prensapresidencialvenezuela.gob.ve\/index.php\/wp-json\/wp\/v2\/types\/post"}],"author":[{"embeddable":true,"href":"https:\/\/prensapresidencialvenezuela.gob.ve\/index.php\/wp-json\/wp\/v2\/users\/6"}],"replies":[{"embeddable":true,"href":"https:\/\/prensapresidencialvenezuela.gob.ve\/index.php\/wp-json\/wp\/v2\/comments?post=2702"}],"version-history":[{"count":1,"href":"https:\/\/prensapresidencialvenezuela.gob.ve\/index.php\/wp-json\/wp\/v2\/posts\/2702\/revisions"}],"predecessor-version":[{"id":2704,"href":"https:\/\/prensapresidencialvenezuela.gob.ve\/index.php\/wp-json\/wp\/v2\/posts\/2702\/revisions\/2704"}],"wp:featuredmedia":[{"embeddable":true,"href":"https:\/\/prensapresidencialvenezuela.gob.ve\/index.php\/wp-json\/wp\/v2\/media\/2703"}],"wp:attachment":[{"href":"https:\/\/prensapresidencialvenezuela.gob.ve\/index.php\/wp-json\/wp\/v2\/media?parent=2702"}],"wp:term":[{"taxonomy":"category","embeddable":true,"href":"https:\/\/prensapresidencialvenezuela.gob.ve\/index.php\/wp-json\/wp\/v2\/categories?post=2702"},{"taxonomy":"post_tag","embeddable":true,"href":"https:\/\/prensapresidencialvenezuela.gob.ve\/index.php\/wp-json\/wp\/v2\/tags?post=2702"}],"curies":[{"name":"wp","href":"https:\/\/api.w.org\/{rel}","templated":true}]}}