{"id":2741,"date":"2022-06-29T19:28:00","date_gmt":"2022-06-29T19:28:00","guid":{"rendered":"http:\/\/172.27.0.121\/?p=2741"},"modified":"2022-07-13T19:29:12","modified_gmt":"2022-07-13T19:29:12","slug":"actividades-academicas-se-reanudaran-este-jueves-30-j","status":"publish","type":"post","link":"https:\/\/prensapresidencialvenezuela.gob.ve\/index.php\/2022\/06\/29\/actividades-academicas-se-reanudaran-este-jueves-30-j\/","title":{"rendered":"Actividades acad\u00e9micas se reanudar\u00e1n este jueves 30-J"},"content":{"rendered":"\n<p><strong>Palacio de Miraflores, Caracas.- <\/strong>Las actividades acad\u00e9micas en escuelas, liceos y universidades se reanudar\u00e1n este jueves 30 de junio, luego de la salida del potencial cicl\u00f3n tropical DOS de Venezuela.<\/p>\n\n\n\n<p>El anuncio lo realiz\u00f3 el presidente de la Rep\u00fablica, Nicol\u00e1s Maduro, quien detall\u00f3 que ante el pr\u00f3ximo cierre del a\u00f1o escolar 2021-2022 es necesario retomar las clases y \u201cvolver a la normalidad\u201d.<\/p>\n\n\n\n<p>\u201cLos ni\u00f1os, ni\u00f1as y j\u00f3venes est\u00e1n en sus tareas, muchos est\u00e1n preparando el acto de cierre de a\u00f1o escolar, hay que volver poco a poco a la normalidad\u201d, puntualiz\u00f3 durante un contacto telef\u00f3nico con el canal Venezolana de Televisi\u00f3n (VTV).<\/p>\n\n\n\n<p>La suspensi\u00f3n temporal de clases que inicialmente abarcar\u00eda el 29 y 30 de junio, respondi\u00f3 a la alerta por la amenaza del paso del cicl\u00f3n tropical DOS por Venezuela, que tocar\u00eda tierra aproximadamente a las 2:00 de la ma\u00f1ana de este mi\u00e9rcoles.<\/p>\n\n\n\n<p><strong>Prensa Presidencial\/Karelis Gonz\u00e1lez<\/strong><\/p>\n","protected":false},"excerpt":{"rendered":"<p>Palacio de Miraflores, Caracas.- Las actividades acad\u00e9micas en escuelas, liceos y universidades se reanudar\u00e1n este jueves 30 de junio, luego de la salida del potencial cicl\u00f3n tropical DOS de Venezuela. El anuncio lo realiz\u00f3 el presidente de la Rep\u00fablica, Nicol\u00e1s Maduro, quien detall\u00f3 que ante el pr\u00f3ximo cierre del a\u00f1o escolar 2021-2022 es necesario retomar [&hellip;]<\/p>\n","protected":false},"author":6,"featured_media":2742,"comment_status":"open","ping_status":"open","sticky":false,"template":"","format":"standard","meta":{"footnotes":""},"categories":[7],"tags":[],"class_list":["post-2741","post","type-post","status-publish","format-standard","has-post-thumbnail","hentry","category-notas-de-prensa"],"_links":{"self":[{"href":"https:\/\/prensapresidencialvenezuela.gob.ve\/index.php\/wp-json\/wp\/v2\/posts\/2741","targetHints":{"allow":["GET"]}}],"collection":[{"href":"https:\/\/prensapresidencialvenezuela.gob.ve\/index.php\/wp-json\/wp\/v2\/posts"}],"about":[{"href":"https:\/\/prensapresidencialvenezuela.gob.ve\/index.php\/wp-json\/wp\/v2\/types\/post"}],"author":[{"embeddable":true,"href":"https:\/\/prensapresidencialvenezuela.gob.ve\/index.php\/wp-json\/wp\/v2\/users\/6"}],"replies":[{"embeddable":true,"href":"https:\/\/prensapresidencialvenezuela.gob.ve\/index.php\/wp-json\/wp\/v2\/comments?post=2741"}],"version-history":[{"count":1,"href":"https:\/\/prensapresidencialvenezuela.gob.ve\/index.php\/wp-json\/wp\/v2\/posts\/2741\/revisions"}],"predecessor-version":[{"id":2743,"href":"https:\/\/prensapresidencialvenezuela.gob.ve\/index.php\/wp-json\/wp\/v2\/posts\/2741\/revisions\/2743"}],"wp:featuredmedia":[{"embeddable":true,"href":"https:\/\/prensapresidencialvenezuela.gob.ve\/index.php\/wp-json\/wp\/v2\/media\/2742"}],"wp:attachment":[{"href":"https:\/\/prensapresidencialvenezuela.gob.ve\/index.php\/wp-json\/wp\/v2\/media?parent=2741"}],"wp:term":[{"taxonomy":"category","embeddable":true,"href":"https:\/\/prensapresidencialvenezuela.gob.ve\/index.php\/wp-json\/wp\/v2\/categories?post=2741"},{"taxonomy":"post_tag","embeddable":true,"href":"https:\/\/prensapresidencialvenezuela.gob.ve\/index.php\/wp-json\/wp\/v2\/tags?post=2741"}],"curies":[{"name":"wp","href":"https:\/\/api.w.org\/{rel}","templated":true}]}}