{"id":2747,"date":"2022-03-15T12:29:00","date_gmt":"2022-03-15T12:29:00","guid":{"rendered":"http:\/\/172.27.0.121\/?p=2747"},"modified":"2022-07-13T19:37:08","modified_gmt":"2022-07-13T19:37:08","slug":"mision-jose-gregorio-hernandez-amor-infinito-para-las-personas-con-discapacidad","status":"publish","type":"post","link":"https:\/\/prensapresidencialvenezuela.gob.ve\/index.php\/2022\/03\/15\/mision-jose-gregorio-hernandez-amor-infinito-para-las-personas-con-discapacidad\/","title":{"rendered":"Misi\u00f3n Jos\u00e9 Gregorio Hern\u00e1ndez: Amor infinito para las personas con discapacidad"},"content":{"rendered":"\n<p><strong>Palacio de Miraflores, Caracas.-<\/strong> Una gesti\u00f3n con mirada humanista y social naci\u00f3 con la Misi\u00f3n Jos\u00e9 Gregorio Hern\u00e1ndez,el 15 de marzo de 2008, cuando el Comandante Eterno Hugo Ch\u00e1vez, realiz\u00f3 su lanzamientodesde el Teatro Municipal de Caracas,para abrazar con atenci\u00f3n integral y servicios de salud gratuitos a todas aquellas personas que por alguna afecci\u00f3n o accidente quedaron con alguna discapacidad.<\/p>\n\n\n\n<p>Esta Misi\u00f3n debe su nombre al \u201cm\u00e9dico del pueblo\u201d y busca homenajear a quien en vida brind\u00f3 sus conocimientos y experiencias en el \u00e1rea de la salud a los m\u00e1s desprotegidos, y se consider\u00f3 como \u201cun santo para el pueblo venezolano\u201d, el Dr. Jos\u00e9 Gregorio Hern\u00e1ndez.<\/p>\n\n\n\n<p>En ese entonces, el Comandante EternoHugo Ch\u00e1vez, expres\u00f3 que todas las personas con discapacidad \u201ceran valiosas, por lo que ninguno debe quedar excluido\u201d.<\/p>\n\n\n\n<p>Es por ello, que la Misi\u00f3n inici\u00f3 con tres fases: el diagn\u00f3stico, el estudio m\u00e9dico y la donaci\u00f3n de ayudas t\u00e9cnicas.<\/p>\n\n\n\n<p>El censo inicial arroj\u00f3 como resultado el registro de m\u00e1s de 873 mil personas que padec\u00edan alguna discapacidad, en los estados Miranda, Delta Amacuro, Zulia, Barinas y parte del Distrito Capital.<br>Gracias al trabajo realizado se logr\u00f3 crear el Registro de Personas con discapacidad, as\u00ed como el Centro Nacional de Gen\u00e9tica, lo que permiti\u00f3 la puesta en marcha de 70 proyectos de Escuelas de Educaci\u00f3n Especial en varios estados del pa\u00eds.<\/p>\n\n\n\n<p>El marco legal de esta Misi\u00f3n, est\u00e1 basado en el art\u00edculo 84 de la Constituci\u00f3n de Rep\u00fablica Bolivariana de Venezuela, que expresa que \u201cpara garantizar el derecho a la salud, el Estado crear\u00e1, ejercer\u00e1 la rector\u00eda y gestionar\u00e1 un sistema p\u00fablico nacional de salud de car\u00e1cter intersectorial, descentralizado y participativo, integrado al sistema de seguridad social, regido por los principios de gratuidad, universalidad, integralidad, equidad, integridad social y solidaridad (&#8230;)\u201d.<\/p>\n\n\n\n<p>Asimismo, el art\u00edculo 81 de la Carta Magna, reza \u201cToda persona con discapacidad o necesidades especiales tiene derecho al ejercicio pleno y aut\u00f3nomo de sus capacidades y a su integraci\u00f3n familiar y comunitaria. El Estado, con la participaci\u00f3nsolidaria de las familias y la sociedad, le garantizar\u00e1 el respeto a su dignidad humana, la equiparaci\u00f3n de oportunidades y promover\u00e1 su formaci\u00f3n (&#8230;)\u201d.<\/p>\n\n\n\n<p><strong>Continuidad de las pol\u00edticas sociales<\/strong><\/p>\n\n\n\n<p>Para el a\u00f1o 2012, el Presidente de la Rep\u00fablica Nicol\u00e1s Maduro, decret\u00f3 la creaci\u00f3n de la Fundaci\u00f3n Misi\u00f3n Jos\u00e9 Gregorio Hern\u00e1ndez, publicada el 25 de octubre de ese a\u00f1o, en la Gaceta Oficial n\u00famero 40.280.<\/p>\n\n\n\n<p>La Fundaci\u00f3n tiene como principal objetivo dise\u00f1ar y desarrollar planes, pol\u00edticas, programas y proyectos en materia de prevenci\u00f3n y protecci\u00f3n social para personas con alguna discapacidad en todo el territorio nacional.<\/p>\n\n\n\n<p>En el 2017, el Presidente Maduro, consider\u00f3 a esta Misi\u00f3n \u201ccomo una de los misiones socialistas de mayor sensibilidad humana\u201d y resalt\u00f3 el rol de esta obra del Comandante Hugo Ch\u00e1vez, \u201cquien siempre pens\u00f3 en una sociedad con igualdad de condiciones y oportunidades sociales\u201d.<\/p>\n\n\n\n<p>Gracias al trabajo en conjunto con el Consejo Nacional para las Personas con Discapacidad (Conapdis), las personas con alguna afecci\u00f3n pueden participar en ferias de empleos y jornadas de atenci\u00f3n integral, una vez que hayan cumplido con los requisitos que establecen las instituciones encargadas de evaluar los informes m\u00e9dicos.<\/p>\n\n\n\n<p>Actualmente, las personas con discapacidad cuentan con la asignaci\u00f3n del Bono Jos\u00e9 Gregorio Hern\u00e1ndez, ayuda t\u00e9cnica otorgada a trav\u00e9s del Carnet de la Patria.<\/p>\n\n\n\n<p>En este sentido, es importante se\u00f1alar que a la fecha m\u00e1s de 2 millones de personas cuentan con la asignaci\u00f3n del Bono y se han entregado m\u00e1s de 58 mil ayudas t\u00e9cnicas en todo el pa\u00eds, en los \u00faltimos 5 a\u00f1os.<\/p>\n\n\n\n<p>La Misi\u00f3n Jos\u00e9 Gregorio Hern\u00e1ndez, ha otorgado de manera directa, desde su creaci\u00f3n m\u00e1s de un mill\u00f3n de ayudas t\u00e9cnicas y gracias al Sistema Patria, esta Misi\u00f3n se ha ido territorializando en cada rinc\u00f3n del pa\u00eds.<\/p>\n\n\n\n<p><strong>Prensa Presidencial \/ Joelin Jim\u00e9nez<\/strong><\/p>\n","protected":false},"excerpt":{"rendered":"<p>Palacio de Miraflores, Caracas.- Una gesti\u00f3n con mirada humanista y social naci\u00f3 con la Misi\u00f3n Jos\u00e9 Gregorio Hern\u00e1ndez,el 15 de marzo de 2008, cuando el Comandante Eterno Hugo Ch\u00e1vez, realiz\u00f3 su lanzamientodesde el Teatro Municipal de Caracas,para abrazar con atenci\u00f3n integral y servicios de salud gratuitos a todas aquellas personas que por alguna afecci\u00f3n o [&hellip;]<\/p>\n","protected":false},"author":6,"featured_media":2758,"comment_status":"open","ping_status":"open","sticky":false,"template":"","format":"standard","meta":{"footnotes":""},"categories":[10],"tags":[],"class_list":["post-2747","post","type-post","status-publish","format-standard","has-post-thumbnail","hentry","category-especiales"],"_links":{"self":[{"href":"https:\/\/prensapresidencialvenezuela.gob.ve\/index.php\/wp-json\/wp\/v2\/posts\/2747","targetHints":{"allow":["GET"]}}],"collection":[{"href":"https:\/\/prensapresidencialvenezuela.gob.ve\/index.php\/wp-json\/wp\/v2\/posts"}],"about":[{"href":"https:\/\/prensapresidencialvenezuela.gob.ve\/index.php\/wp-json\/wp\/v2\/types\/post"}],"author":[{"embeddable":true,"href":"https:\/\/prensapresidencialvenezuela.gob.ve\/index.php\/wp-json\/wp\/v2\/users\/6"}],"replies":[{"embeddable":true,"href":"https:\/\/prensapresidencialvenezuela.gob.ve\/index.php\/wp-json\/wp\/v2\/comments?post=2747"}],"version-history":[{"count":1,"href":"https:\/\/prensapresidencialvenezuela.gob.ve\/index.php\/wp-json\/wp\/v2\/posts\/2747\/revisions"}],"predecessor-version":[{"id":2762,"href":"https:\/\/prensapresidencialvenezuela.gob.ve\/index.php\/wp-json\/wp\/v2\/posts\/2747\/revisions\/2762"}],"wp:featuredmedia":[{"embeddable":true,"href":"https:\/\/prensapresidencialvenezuela.gob.ve\/index.php\/wp-json\/wp\/v2\/media\/2758"}],"wp:attachment":[{"href":"https:\/\/prensapresidencialvenezuela.gob.ve\/index.php\/wp-json\/wp\/v2\/media?parent=2747"}],"wp:term":[{"taxonomy":"category","embeddable":true,"href":"https:\/\/prensapresidencialvenezuela.gob.ve\/index.php\/wp-json\/wp\/v2\/categories?post=2747"},{"taxonomy":"post_tag","embeddable":true,"href":"https:\/\/prensapresidencialvenezuela.gob.ve\/index.php\/wp-json\/wp\/v2\/tags?post=2747"}],"curies":[{"name":"wp","href":"https:\/\/api.w.org\/{rel}","templated":true}]}}