{"id":2772,"date":"2022-03-24T13:09:00","date_gmt":"2022-03-24T13:09:00","guid":{"rendered":"http:\/\/172.27.0.121\/?p=2772"},"modified":"2022-07-13T19:43:30","modified_gmt":"2022-07-13T19:43:30","slug":"el-maestro-abreu-sembro-la-musica-con-vision-de-unidad-nacional","status":"publish","type":"post","link":"https:\/\/prensapresidencialvenezuela.gob.ve\/index.php\/2022\/03\/24\/el-maestro-abreu-sembro-la-musica-con-vision-de-unidad-nacional\/","title":{"rendered":"El maestro Abreu sembr\u00f3 la m\u00fasica con visi\u00f3n de unidad nacional"},"content":{"rendered":"\n<p><strong>Palacio de Miraflores, Caracas.- <\/strong>Con 43 a\u00f1os de postulado por la m\u00fasica como lenguaje universal y como medio profundo para la comunicaci\u00f3n, el maestro Jos\u00e9 Antonio Abreu Anselmi, dej\u00f3 un legado extraordinario para las futuras generaciones, expresado en el Sistema Nacional de Orquestas y Coros Juveniles e Infantiles Sim\u00f3n Bol\u00edvar . Es la m\u00fasica con una mirada de paz y progreso para la humanidad.<\/p>\n\n\n\n<p>El Sistema Nacional de Orquestas y Coros Juveniles e Infantiles naci\u00f3 el 12 de febrero de 1975, por iniciativa de Jos\u00e9 Antonio Abreu, m\u00fasico venezolano, economista y educador quien prometi\u00f3 masificar el aprendizaje de la m\u00fasica, bajo una visi\u00f3n \u00e9tica y espiritual para la formaci\u00f3n de individuos integrales, as\u00ed lo cumpli\u00f3 hasta el d\u00eda de su partida el 24 de marzo de 2018.<\/p>\n\n\n\n<p>\u201cVi en las orquestas la m\u00e1s hermosa expresi\u00f3n de unidad nacional. Vi una Venezuela pujante, llena de voluntades y de esfuerzos por conseguir lo que se quiere. Vi una Venezuela orgullosa de sus m\u00fasicos que triunfan y se destacan al m\u00e1s alto nivel mundial\u201d, era la visi\u00f3n del maestro desde 1.975.<\/p>\n\n\n\n<p>Hoy compartimos la alegr\u00eda en un sentimiento de uni\u00f3n entre los venezolanos y venezolanas luego que el Sistema Nacional de Orquestas y Coros Juveniles e Infantiles, alcanz\u00f3 el Guinness WorldRecord, tras la haza\u00f1a lograda en el concierto del pasado 13 de noviembre de 2021, durante un encuentro multitudinario con una selecci\u00f3n multigeneracional de orquestas sinf\u00f3nicas de nuestros n\u00facleo que fue realizado en el Patio de Honor de la Academia Militar, logrando la certificaci\u00f3n oficial como La Orquesta m\u00e1s Grande del Mundo, integrada por 8.573 m\u00fasicos.<\/p>\n\n\n\n<p>La superaci\u00f3n del reto se realiz\u00f3 en honor al legado humanista del Maestro Abreu que abraz\u00f3 a miles de personas en Venezuela.<\/p>\n\n\n\n<p><strong>La m\u00fasica para todos y todas<\/strong><\/p>\n\n\n\n<p>Uno de los aspectos esenciales del Sistema fue su poder liberador, creador y de inclusi\u00f3n.El arte se transform\u00f3 en un derecho social. En las zonas populares se comenzaba a conocer y practicar a Mozart y Beethoven, ni\u00f1os interpretando sus piezas dando al traste con el dogma que relegaba la alta cultura musical a unos pocos privilegiados.<\/p>\n\n\n\n<p>El monopolio de la \u00e9lite se quebr\u00f3. La m\u00fasica se convirti\u00f3 en un instrumento de liberaci\u00f3n, inclusi\u00f3n y progreso; una alternativa sustentable de educaci\u00f3n y paz al servicio del hombre, llevaba la impronta del maestro Abreu, quien concibi\u00f3 la m\u00fasica como un derecho social del pueblo.<\/p>\n\n\n\n<p>Con m\u00e9todos pedag\u00f3gicos el maestro supo incluir a todos.<\/p>\n\n\n\n<p>Profesores, lutieres, cultores, madres embarazadas, personas con alguna discapacidad, privados de libertad, enfermos cr\u00f3nicos, m\u00fasicos acad\u00e9micos y m\u00fasicos populares se contaron por miles en el Sistema. La oportunidad fue igual para todos y con ello la inclusi\u00f3n que proven\u00eda de hogares de escasos recursos econ\u00f3micosy de zonas urbanas con mejores posibilidades de acceso.<\/p>\n\n\n\n<p>\u201cEl Sistema rescat\u00f3, desde sus inicios, la visi\u00f3n del individuo en colectivo, del ser que expresa la belleza a trav\u00e9s de la pr\u00e1ctica musical en sociedad\u201d, afirm\u00f3 Abreu en una entrevista a la revista Cambio 16, de fecha 03 de marzo de 2015.<\/p>\n\n\n\n<p>El gran maestro comenz\u00f3 con 11 disc\u00edpulos, aunque seguramente fueron muchos m\u00e1s. La historia no cuenta sobre las madres que ve\u00edan en la m\u00fasica una opci\u00f3n contra la violencia o sobre los hermanos, primos y amigos que so\u00f1aban con los aplausos al t\u00e9rmino de un concierto en Los \u00c1ngeles o Viena.<br>La poblaci\u00f3n humilde ten\u00eda la puerta abierta. El Sistema lleg\u00f3 en forma de peque\u00f1os conservatorios a las comunidades m\u00e1s desfavorecidas, donde los ni\u00f1os y j\u00f3venes recib\u00edan un instrumento musical y educaci\u00f3n gratuita.<\/p>\n\n\n\n<p>En las aulas adquir\u00edan disciplina y h\u00e1bitos de estudio. Los peque\u00f1os estudiantes aprend\u00edan de tolerancia, solidaridad y perseverancia; eran formados para buscar la excelencia. Esta visi\u00f3n persiste en los n\u00facleos y m\u00f3dulos del Sistema.<\/p>\n\n\n\n<p>\u201cEn la Orquesta y los Coros se pulen esos valores, actitudes y conductas positivas, fortaleci\u00e9ndolos diariamente con el sano m\u00e9rito y la fe en el &#8216;s\u00ed puedo; nada es imposible&#8217;. All\u00ed nacen individuos que se suman al colectivo, buenos ciudadanos para la sociedad y el mundo, esp\u00edritus ricos en belleza, seres defensores de la uni\u00f3n, ejemplos dignos para el pa\u00eds y para el mundo\u201d, subray\u00f3 Abreu a Cambio 16.<\/p>\n\n\n\n<p>La idea del maestro Abreu, convirti\u00f3 a Venezuela en referencia mundial, ahora no se le conocer\u00eda s\u00f3lo por el petr\u00f3leo, sino tambi\u00e9n por un programa social y cultural que, sin distinci\u00f3n, se estableci\u00f3 en todos los sectores y estratos de la sociedad.<\/p>\n\n\n\n<p>De acuerdo con cifras de Fundamusical, a principios del a\u00f1o 2020, se hab\u00edan establecido 443 n\u00facleos y 1.704 m\u00f3dulos distribuidos a escala parroquial, municipal y estadal; adicionalmente est\u00e1n conformados 1.772 agrupaciones de iniciaci\u00f3n musical, 1.722 agrupaciones orquestales, 1.426 agrupaciones corales y 694 agrupaciones de Alma Llanera.<\/p>\n\n\n\n<p>El Sistema tambi\u00e9n trasciende nuestras fronteras. A trav\u00e9s de la m\u00fasica, Venezuela se convirti\u00f3 en referencia mundial al inspirar a m\u00e1s de 40 pa\u00edses de los cinco continentes a establecer n\u00facleos orquestales y programas de ense\u00f1anza musical demostrando que es una alternativa real y sustentable de educaci\u00f3n, progreso y paz.<\/p>\n\n\n\n<p>Otras experiencias se registran como una luz al final del t\u00fanel. Se trata del Programa Acad\u00e9mico Penitenciario, que acoge a hombres y mujeres privados de libertad, quienes reciben la instrucci\u00f3n musical que les permite incorporarse en orquestas o coros, donde afloran las oportunidades y el alma se recrea.<\/p>\n\n\n\n<p>Tambi\u00e9n incorpora a ni\u00f1os o j\u00f3venes con diversidad funcional o discapacidades f\u00edsicas y cognitivas como una muestra de la verdadera inclusi\u00f3n social sin precedentes en la historia.<br>Para los integrantes, el Sistema es un proyecto de vida y van enarbolando las banderas de la victoria y con ello representan a Venezuela como los embajadores de la paz, mientras reciben reconocimientos como el Premio Pr\u00edncipe de Asturias de las artes y el Premio Internacional de m\u00fasica UNESCO, entre muchos otros.<br>\u201cHoy podemos decir que el Arte en Am\u00e9rica Latina ha dejado de ser un monopolio de \u00e9lites y se ha transformado en un derecho social y del pueblo\u201d, recalc\u00f3 Abreu al recibir el Premio TED en 2009.<\/p>\n\n\n\n<p>A esta labor se suman trabajadores y trabajadoras, as\u00ed como el cuerpo docente con su experiencia y entrega acad\u00e9mica que hacen posible un sue\u00f1o, el mejor de todos, recrear al ser humano en sus propias capacidades.<\/p>\n\n\n\n<p>Con el apoyo del Gobierno Bolivariano, el Sistema Nacional de Orquestas, lleva una carta de navegaci\u00f3n segura y coloca en el centro al humano.<\/p>\n\n\n\n<p>El maestro Abreu no ar\u00f3 en el mar. Venezuela avanza a paso firme y consolida la meta de 3 millones de integrantes del Sistema de Orquestas y Coros Juveniles e Infantiles, procurando no solo su expansi\u00f3n como modelo formativo y humanista, sino como plataforma de organizaci\u00f3n social de garant\u00eda para la construcci\u00f3n de un mundo mejor.<\/p>\n\n\n\n<p>\u201cNunca podr\u00e9 decir misi\u00f3n cumplida. Yo ando en un compromiso de vida. Para m\u00ed, entonces, no hay misi\u00f3n cumplida. La misi\u00f3n es un proceso sin fin\u2026Hasta que Dios quiera\u201d. Destac\u00f3 Abreu. 7 de mayo de 1939 Valera, Trujillo \u2013 24 de marzo de 2018.<\/p>\n\n\n\n<p><strong>Prensa Presidencial\u00a0<\/strong><\/p>\n","protected":false},"excerpt":{"rendered":"<p>Palacio de Miraflores, Caracas.- Con 43 a\u00f1os de postulado por la m\u00fasica como lenguaje universal y como medio profundo para la comunicaci\u00f3n, el maestro Jos\u00e9 Antonio Abreu Anselmi, dej\u00f3 un legado extraordinario para las futuras generaciones, expresado en el Sistema Nacional de Orquestas y Coros Juveniles e Infantiles Sim\u00f3n Bol\u00edvar . Es la m\u00fasica con [&hellip;]<\/p>\n","protected":false},"author":6,"featured_media":2776,"comment_status":"open","ping_status":"open","sticky":false,"template":"","format":"standard","meta":{"footnotes":""},"categories":[10],"tags":[],"class_list":["post-2772","post","type-post","status-publish","format-standard","has-post-thumbnail","hentry","category-especiales"],"_links":{"self":[{"href":"https:\/\/prensapresidencialvenezuela.gob.ve\/index.php\/wp-json\/wp\/v2\/posts\/2772","targetHints":{"allow":["GET"]}}],"collection":[{"href":"https:\/\/prensapresidencialvenezuela.gob.ve\/index.php\/wp-json\/wp\/v2\/posts"}],"about":[{"href":"https:\/\/prensapresidencialvenezuela.gob.ve\/index.php\/wp-json\/wp\/v2\/types\/post"}],"author":[{"embeddable":true,"href":"https:\/\/prensapresidencialvenezuela.gob.ve\/index.php\/wp-json\/wp\/v2\/users\/6"}],"replies":[{"embeddable":true,"href":"https:\/\/prensapresidencialvenezuela.gob.ve\/index.php\/wp-json\/wp\/v2\/comments?post=2772"}],"version-history":[{"count":1,"href":"https:\/\/prensapresidencialvenezuela.gob.ve\/index.php\/wp-json\/wp\/v2\/posts\/2772\/revisions"}],"predecessor-version":[{"id":2777,"href":"https:\/\/prensapresidencialvenezuela.gob.ve\/index.php\/wp-json\/wp\/v2\/posts\/2772\/revisions\/2777"}],"wp:featuredmedia":[{"embeddable":true,"href":"https:\/\/prensapresidencialvenezuela.gob.ve\/index.php\/wp-json\/wp\/v2\/media\/2776"}],"wp:attachment":[{"href":"https:\/\/prensapresidencialvenezuela.gob.ve\/index.php\/wp-json\/wp\/v2\/media?parent=2772"}],"wp:term":[{"taxonomy":"category","embeddable":true,"href":"https:\/\/prensapresidencialvenezuela.gob.ve\/index.php\/wp-json\/wp\/v2\/categories?post=2772"},{"taxonomy":"post_tag","embeddable":true,"href":"https:\/\/prensapresidencialvenezuela.gob.ve\/index.php\/wp-json\/wp\/v2\/tags?post=2772"}],"curies":[{"name":"wp","href":"https:\/\/api.w.org\/{rel}","templated":true}]}}