{"id":2781,"date":"2022-07-05T19:44:00","date_gmt":"2022-07-05T19:44:00","guid":{"rendered":"http:\/\/172.27.0.121\/?p=2781"},"modified":"2022-07-13T19:45:24","modified_gmt":"2022-07-13T19:45:24","slug":"la-fanb-esta-llamada-a-consolidar-el-proyecto-revolucionario-bolivariano","status":"publish","type":"post","link":"https:\/\/prensapresidencialvenezuela.gob.ve\/index.php\/2022\/07\/05\/la-fanb-esta-llamada-a-consolidar-el-proyecto-revolucionario-bolivariano\/","title":{"rendered":"La FANB est\u00e1 llamada a consolidar el proyecto revolucionario bolivariano"},"content":{"rendered":"\n<p><strong>Palacio de Miraflores, Caracas.- <\/strong>Al resaltar el papel de la Fuerza Armada Nacional Bolivariana (FANB), durante la celebraci\u00f3n del D\u00eda Nacional de este componente militar, el presidente de la Rep\u00fablica Bolivariana de Venezuela, Nicol\u00e1s Maduro, exhort\u00f3 a mantenerse en alerta ante las pretensiones de la derecha \u201csantanderista que en sus \u00faltimos d\u00edas se muestra m\u00e1s agresiva y rencorosa contra el esp\u00edritu del pueblo de Bol\u00edvar\u201d.<\/p>\n\n\n\n<p>Al ofrecer un mensaje al pueblo venezolano de manera virtual, como parte de la conmemoraci\u00f3n de los 211 a\u00f1os de la firma del Acta de la Independencia El 05 de julio de 1811, el Jefe de Estado se\u00f1al\u00f3 que la FANB \u201choy como nunca unida en valores e ideales, en el proyecto hist\u00f3rico del Libertador Sim\u00f3n Bol\u00edvar\u201d, consolidar\u00e1 la Revoluci\u00f3n Bolivariana.<\/p>\n\n\n\n<p>Al respecto, apunt\u00f3 que la FANB est\u00e1 llamada \u201ca llevar la consciencia por encima de nuestros propios l\u00edmites individuales hasta sentir el destino de la Patria\u201d.<\/p>\n\n\n\n<p>Record\u00f3 que el poder militar del pueblo venezolano le corresponde actuar con compromiso, lealtad, al tiempo que resalt\u00f3 la capacidad de fusionarse con el pueblo \u201cy con la historia para seguir escribi\u00e9ndola frente a las batallas futuras. Les toca a ustedes ser la oficialidad bolivariana de la era Bicentenaria 2022-2030 y llegar invictos a aquel 17 de diciembre de 2030\u201d.<\/p>\n\n\n\n<p>Finalmente, inst\u00f3 a las venezolanas y los venezolanos a demostrar cada d\u00eda \u201cque somos un pueblo guerrero que ha pasado por todas las pruebas posibles (\u2026). Este 5 de julio estamos aqu\u00ed los hijos de la Independencia, en perfecta uni\u00f3n c\u00edvico-militar dispuestos siglos despu\u00e9s a seguir pariendo patria independiente. \u00a1Que viva la valent\u00eda de los padres fundadores! \u00a1Que viva el 5 de julio de 1811!\u201d.<\/p>\n\n\n\n<p><strong>Prensa Presidencial\/Joelin Jim\u00e9nez<\/strong><\/p>\n","protected":false},"excerpt":{"rendered":"<p>Palacio de Miraflores, Caracas.- Al resaltar el papel de la Fuerza Armada Nacional Bolivariana (FANB), durante la celebraci\u00f3n del D\u00eda Nacional de este componente militar, el presidente de la Rep\u00fablica Bolivariana de Venezuela, Nicol\u00e1s Maduro, exhort\u00f3 a mantenerse en alerta ante las pretensiones de la derecha \u201csantanderista que en sus \u00faltimos d\u00edas se muestra m\u00e1s [&hellip;]<\/p>\n","protected":false},"author":6,"featured_media":2782,"comment_status":"open","ping_status":"open","sticky":false,"template":"","format":"standard","meta":{"footnotes":""},"categories":[7],"tags":[],"class_list":["post-2781","post","type-post","status-publish","format-standard","has-post-thumbnail","hentry","category-notas-de-prensa"],"_links":{"self":[{"href":"https:\/\/prensapresidencialvenezuela.gob.ve\/index.php\/wp-json\/wp\/v2\/posts\/2781","targetHints":{"allow":["GET"]}}],"collection":[{"href":"https:\/\/prensapresidencialvenezuela.gob.ve\/index.php\/wp-json\/wp\/v2\/posts"}],"about":[{"href":"https:\/\/prensapresidencialvenezuela.gob.ve\/index.php\/wp-json\/wp\/v2\/types\/post"}],"author":[{"embeddable":true,"href":"https:\/\/prensapresidencialvenezuela.gob.ve\/index.php\/wp-json\/wp\/v2\/users\/6"}],"replies":[{"embeddable":true,"href":"https:\/\/prensapresidencialvenezuela.gob.ve\/index.php\/wp-json\/wp\/v2\/comments?post=2781"}],"version-history":[{"count":1,"href":"https:\/\/prensapresidencialvenezuela.gob.ve\/index.php\/wp-json\/wp\/v2\/posts\/2781\/revisions"}],"predecessor-version":[{"id":2783,"href":"https:\/\/prensapresidencialvenezuela.gob.ve\/index.php\/wp-json\/wp\/v2\/posts\/2781\/revisions\/2783"}],"wp:featuredmedia":[{"embeddable":true,"href":"https:\/\/prensapresidencialvenezuela.gob.ve\/index.php\/wp-json\/wp\/v2\/media\/2782"}],"wp:attachment":[{"href":"https:\/\/prensapresidencialvenezuela.gob.ve\/index.php\/wp-json\/wp\/v2\/media?parent=2781"}],"wp:term":[{"taxonomy":"category","embeddable":true,"href":"https:\/\/prensapresidencialvenezuela.gob.ve\/index.php\/wp-json\/wp\/v2\/categories?post=2781"},{"taxonomy":"post_tag","embeddable":true,"href":"https:\/\/prensapresidencialvenezuela.gob.ve\/index.php\/wp-json\/wp\/v2\/tags?post=2781"}],"curies":[{"name":"wp","href":"https:\/\/api.w.org\/{rel}","templated":true}]}}