{"id":2799,"date":"2022-07-07T19:58:00","date_gmt":"2022-07-07T19:58:00","guid":{"rendered":"http:\/\/172.27.0.121\/?p=2799"},"modified":"2022-07-13T19:59:22","modified_gmt":"2022-07-13T19:59:22","slug":"presidente-maduro-encabeza-acto-de-ascenso-conjunto-en-la-umbv","status":"publish","type":"post","link":"https:\/\/prensapresidencialvenezuela.gob.ve\/index.php\/2022\/07\/07\/presidente-maduro-encabeza-acto-de-ascenso-conjunto-en-la-umbv\/","title":{"rendered":"Presidente Maduro encabeza acto de ascenso conjunto en la UMBV"},"content":{"rendered":"\n<p><strong>Fuerte Tiuna, Caracas.-<\/strong> El presidente de la Rep\u00fablica Bolivariana de Venezuela y comandante en jefe de la Fuerza Armada Nacional Bolivariana (FANB), Nicol\u00e1s Maduro, asiste al acto de ascenso conjunto de los alf\u00e9reces y guardiamarinas egresados de la Universidad Militar Bolivariana (UMBV), al grado de tenientes y tenientes de corbeta.<\/p>\n\n\n\n<p>Los oficiales militares pertenecen a las promociones Bicentenario de las Batallas de Bombon\u00e1 y Pichincha, Bicentenario Batalla de Carabobo, Centenario de la Aviaci\u00f3n Militar Bolivariana, y pase a la situaci\u00f3n de reserva activa de la promoci\u00f3n egresada en 1989.<\/p>\n\n\n\n<p>\u201cEste es un acto lleno de grandes sentimientos. Por un lado, los sentimientos de esperanza de la juventud militar que hoy se grad\u00faan y reciben el ascenso por m\u00e9ritos propios a tenientes y tenientes de corbeta de manera digna y honorable. Adem\u00e1s es un acto lleno de sentimientos porque 244 patriotas de la promoci\u00f3n 1989, el a\u00f1o que lo marc\u00f3 todo, el a\u00f1o del antes y despu\u00e9s de la historia vivida, se van a la situaci\u00f3n de retiro activo despu\u00e9s de haber cumplido una brillante carrera militar\u201d, acot\u00f3 el Jefe de Estado.<\/p>\n\n\n\n<p>En el Patio de Honor de la Universidad Militar Bolivariana de Venezuela, acompa\u00f1an al Dignatario, la Primera Combatiente de la Rep\u00fablica, Cilia Flores; el Vicepresidente Sectorial de Soberan\u00eda Pol\u00edtica, Seguridad y Paz y ministro del Poder Popular para la Defensa, General en Jefe Vlad\u00edmir Padrino L\u00f3pez; Comandante Estrat\u00e9gico Operacional de la FANB, Domingo Hern\u00e1ndez Larez, as\u00ed como el rector de la Universidad Militar Bolivariana de Venezuela y Oficiales Generales y Almirantes, integrantes del Estado Mayor Superior de la FANB.<\/p>\n\n\n\n<p>En este acto se ratifica y afianzan los valores, virtudes militares, lealtad y el amor a la Patria por parte del personal castrense, para la defensa integral y desarrollo de la naci\u00f3n.<\/p>\n\n\n\n<p>Hoy, la FANB&nbsp; est\u00e1 llamada a fortalecer el poder defensivo nacional para proteger la independencia y la soberan\u00eda nacional, asegurando los recursos y riquezas de Venezuela.<\/p>\n\n\n\n<p><strong>Prensa Presidencial\/Ana\u00eds P\u00e9rez<\/strong><\/p>\n","protected":false},"excerpt":{"rendered":"<p>Fuerte Tiuna, Caracas.- El presidente de la Rep\u00fablica Bolivariana de Venezuela y comandante en jefe de la Fuerza Armada Nacional Bolivariana (FANB), Nicol\u00e1s Maduro, asiste al acto de ascenso conjunto de los alf\u00e9reces y guardiamarinas egresados de la Universidad Militar Bolivariana (UMBV), al grado de tenientes y tenientes de corbeta. Los oficiales militares pertenecen a [&hellip;]<\/p>\n","protected":false},"author":6,"featured_media":2800,"comment_status":"open","ping_status":"open","sticky":false,"template":"","format":"standard","meta":{"footnotes":""},"categories":[7],"tags":[],"class_list":["post-2799","post","type-post","status-publish","format-standard","has-post-thumbnail","hentry","category-notas-de-prensa"],"_links":{"self":[{"href":"https:\/\/prensapresidencialvenezuela.gob.ve\/index.php\/wp-json\/wp\/v2\/posts\/2799","targetHints":{"allow":["GET"]}}],"collection":[{"href":"https:\/\/prensapresidencialvenezuela.gob.ve\/index.php\/wp-json\/wp\/v2\/posts"}],"about":[{"href":"https:\/\/prensapresidencialvenezuela.gob.ve\/index.php\/wp-json\/wp\/v2\/types\/post"}],"author":[{"embeddable":true,"href":"https:\/\/prensapresidencialvenezuela.gob.ve\/index.php\/wp-json\/wp\/v2\/users\/6"}],"replies":[{"embeddable":true,"href":"https:\/\/prensapresidencialvenezuela.gob.ve\/index.php\/wp-json\/wp\/v2\/comments?post=2799"}],"version-history":[{"count":1,"href":"https:\/\/prensapresidencialvenezuela.gob.ve\/index.php\/wp-json\/wp\/v2\/posts\/2799\/revisions"}],"predecessor-version":[{"id":2801,"href":"https:\/\/prensapresidencialvenezuela.gob.ve\/index.php\/wp-json\/wp\/v2\/posts\/2799\/revisions\/2801"}],"wp:featuredmedia":[{"embeddable":true,"href":"https:\/\/prensapresidencialvenezuela.gob.ve\/index.php\/wp-json\/wp\/v2\/media\/2800"}],"wp:attachment":[{"href":"https:\/\/prensapresidencialvenezuela.gob.ve\/index.php\/wp-json\/wp\/v2\/media?parent=2799"}],"wp:term":[{"taxonomy":"category","embeddable":true,"href":"https:\/\/prensapresidencialvenezuela.gob.ve\/index.php\/wp-json\/wp\/v2\/categories?post=2799"},{"taxonomy":"post_tag","embeddable":true,"href":"https:\/\/prensapresidencialvenezuela.gob.ve\/index.php\/wp-json\/wp\/v2\/tags?post=2799"}],"curies":[{"name":"wp","href":"https:\/\/api.w.org\/{rel}","templated":true}]}}