{"id":2802,"date":"2022-07-07T19:59:00","date_gmt":"2022-07-07T19:59:00","guid":{"rendered":"http:\/\/172.27.0.121\/?p=2802"},"modified":"2022-07-13T20:00:28","modified_gmt":"2022-07-13T20:00:28","slug":"designados-nuevos-integrantes-del-estado-mayor-de-la-fanb","status":"publish","type":"post","link":"https:\/\/prensapresidencialvenezuela.gob.ve\/index.php\/2022\/07\/07\/designados-nuevos-integrantes-del-estado-mayor-de-la-fanb\/","title":{"rendered":"Designados nuevos integrantes del Estado Mayor de la FANB"},"content":{"rendered":"\n<p><strong>Fuerte Tiuna, Caracas.-<\/strong>Desde la Universidad Militar Bolivariana de Venezuela (UMBV), el presidente de la Rep\u00fablica, Nicol\u00e1s Maduro, design\u00f3 a los nuevos responsables del Estado Mayor Superior, Aviaci\u00f3n Militar Bolivariana y Armada Bolivariana.<\/p>\n\n\n\n<p>Al extender su agradecimiento al mayor general Juan Carlos Du Boulay \u201cpor su carrera de servicio como patriota y militar ejemplar\u201d, anunci\u00f3 el nombramiento del General Jos\u00e9 Gregorio Moreno como Jefe del Estado Mayor del Comando Estrat\u00e9gico Operacional de la Fuerza Armada Nacional Bolivariana (FANB).<\/p>\n\n\n\n<p>La Aviaci\u00f3n Militar Bolivariana estar\u00e1 presidida por el general Santiago Infante, mientras que&nbsp; la Armada Nacional Bolivariana tendr\u00e1 al frente al almirante An\u00edbal Brito.<\/p>\n\n\n\n<p>Al respecto, el tambi\u00e9n Comandante en Jefe de la FANB agradeci\u00f3 a las autoridades salientes por su entrega, compromiso y lealtad al pueblo venezolano en el ejercicio de sus funciones, los cuales pasan a la situaci\u00f3n de retiro activo en el componente militar.<\/p>\n\n\n\n<p>\u201cUstedes son ejemplo, son un faro de lo que debe ser una carrera profesional llena de valores y patriotismo, de amor y lealtad, de bolivarianismo. Una carrera militar completa, de punta a punta, desde el primer d\u00eda que entraron a esta Academia, hasta el d\u00eda de hoy que entregan sus plazas de pie y victoriosos, as\u00ed debe ser una carrera militar completa, victoriosa, llena de amor, de patriotismo, llena de entrega, de sacrificios. \u00a1Los felicito!\u201d, destac\u00f3.<\/p>\n\n\n\n<p>Por otro lado, el jefe de Estado puntualiz\u00f3 que \u201cel resto del Estado Mayor Superior queda ratificado\u201d, encabezado por el ministro del Poder Popular para la Defensa, G\/J Vladimir Padrino L\u00f3pez, quien tambi\u00e9n ocupa el cargo de vicepresidente sectorial de Soberan\u00eda Pol\u00edtica, Seguridad y Paz.<\/p>\n\n\n\n<p>El G\/J Domingo Hern\u00e1ndez L\u00e1rez seguir\u00e1 al frente del CEOFANB. En tanto, el mayor general Jos\u00e9 Silva Aponte har\u00e1 lo propio como Comandante General de la Aviaci\u00f3n Militar Bolivariana, as\u00ed como tambi\u00e9n los actuales comandantes del Ej\u00e9rcito, Guardia Nacional Bolivariana y de la Milicia Nacional Bolivariana.<\/p>\n\n\n\n<p>\u201cUn poderoso equipo para seguir construyendo el poder militar de la Naci\u00f3n\u201d, recalc\u00f3 Maduro.<\/p>\n\n\n\n<p><strong>Prensa Presidencial\/Joelin Jim\u00e9nez<\/strong><a rel=\"noreferrer noopener\" href=\"https:\/\/www.facebook.com\/sharer\/sharer.php?u=http:\/\/www.minci.gob.ve\/designados-nuevos-integrantes-del-estado-mayor-de-la-fanb\/&amp;t=Designados+nuevos+integrantes+del+Estado+Mayor+de+la+FANB\" target=\"_blank\"><\/a><\/p>\n\n\n\n<p><a rel=\"noreferrer noopener\" href=\"http:\/\/www.minci.gob.ve\/designados-nuevos-integrantes-del-estado-mayor-de-la-fanb\/#\" target=\"_blank\"><\/a><\/p>\n\n\n\n<p><a rel=\"noreferrer noopener\" href=\"https:\/\/plus.google.com\/share?url=http:\/\/www.minci.gob.ve\/designados-nuevos-integrantes-del-estado-mayor-de-la-fanb\/\" target=\"_blank\"><\/a><\/p>\n\n\n\n<p><a href=\"whatsapp:\/\/send?text=Designados%20nuevos%20integrantes%20del%20Estado%20Mayor%20de%20la%20FANB%20http%3A%2F%2Fwww.minci.gob.ve%2F%3Fp%3D433569\"><\/a><\/p>\n\n\n\n<p><a rel=\"noreferrer noopener\" href=\"\/\/msg?text=Designados%20nuevos%20integrantes%20del%20Estado%20Mayor%20de%20la%20FANB%20http%3A%2F%2Fwww.minci.gob.ve%2F%3Fp%3D433569\" target=\"_blank\"><\/a><\/p>\n\n\n\n<p><a rel=\"noreferrer noopener\" href=\"sms:&amp;body=Designados%20nuevos%20integrantes%20del%20Estado%20Mayor%20de%20la%20FANB%20http%3A%2F%2Fwww.minci.gob.ve%2F%3Fp%3D433569\" target=\"_blank\"><\/a><\/p>\n\n\n\n<p><a rel=\"noreferrer noopener\" href=\"http:\/\/compose.mail.yahoo.com\/?body=http:\/\/www.minci.gob.ve\/designados-nuevos-integrantes-del-estado-mayor-de-la-fanb\/\" target=\"_blank\"><\/a><\/p>\n\n\n\n<p><a rel=\"noreferrer noopener\" href=\"https:\/\/mail.google.com\/mail\/u\/0\/?view=cm&amp;fs=1&amp;su=Designados+nuevos+integrantes+del+Estado+Mayor+de+la+FANB&amp;body=http:\/\/www.minci.gob.ve\/designados-nuevos-integrantes-del-estado-mayor-de-la-fanb\/&amp;ui=2&amp;tf=1\" target=\"_blank\"><\/a><\/p>\n","protected":false},"excerpt":{"rendered":"<p>Fuerte Tiuna, Caracas.-Desde la Universidad Militar Bolivariana de Venezuela (UMBV), el presidente de la Rep\u00fablica, Nicol\u00e1s Maduro, design\u00f3 a los nuevos responsables del Estado Mayor Superior, Aviaci\u00f3n Militar Bolivariana y Armada Bolivariana. Al extender su agradecimiento al mayor general Juan Carlos Du Boulay \u201cpor su carrera de servicio como patriota y militar ejemplar\u201d, anunci\u00f3 el [&hellip;]<\/p>\n","protected":false},"author":6,"featured_media":2803,"comment_status":"open","ping_status":"open","sticky":false,"template":"","format":"standard","meta":{"footnotes":""},"categories":[7],"tags":[],"class_list":["post-2802","post","type-post","status-publish","format-standard","has-post-thumbnail","hentry","category-notas-de-prensa"],"_links":{"self":[{"href":"https:\/\/prensapresidencialvenezuela.gob.ve\/index.php\/wp-json\/wp\/v2\/posts\/2802","targetHints":{"allow":["GET"]}}],"collection":[{"href":"https:\/\/prensapresidencialvenezuela.gob.ve\/index.php\/wp-json\/wp\/v2\/posts"}],"about":[{"href":"https:\/\/prensapresidencialvenezuela.gob.ve\/index.php\/wp-json\/wp\/v2\/types\/post"}],"author":[{"embeddable":true,"href":"https:\/\/prensapresidencialvenezuela.gob.ve\/index.php\/wp-json\/wp\/v2\/users\/6"}],"replies":[{"embeddable":true,"href":"https:\/\/prensapresidencialvenezuela.gob.ve\/index.php\/wp-json\/wp\/v2\/comments?post=2802"}],"version-history":[{"count":1,"href":"https:\/\/prensapresidencialvenezuela.gob.ve\/index.php\/wp-json\/wp\/v2\/posts\/2802\/revisions"}],"predecessor-version":[{"id":2804,"href":"https:\/\/prensapresidencialvenezuela.gob.ve\/index.php\/wp-json\/wp\/v2\/posts\/2802\/revisions\/2804"}],"wp:featuredmedia":[{"embeddable":true,"href":"https:\/\/prensapresidencialvenezuela.gob.ve\/index.php\/wp-json\/wp\/v2\/media\/2803"}],"wp:attachment":[{"href":"https:\/\/prensapresidencialvenezuela.gob.ve\/index.php\/wp-json\/wp\/v2\/media?parent=2802"}],"wp:term":[{"taxonomy":"category","embeddable":true,"href":"https:\/\/prensapresidencialvenezuela.gob.ve\/index.php\/wp-json\/wp\/v2\/categories?post=2802"},{"taxonomy":"post_tag","embeddable":true,"href":"https:\/\/prensapresidencialvenezuela.gob.ve\/index.php\/wp-json\/wp\/v2\/tags?post=2802"}],"curies":[{"name":"wp","href":"https:\/\/api.w.org\/{rel}","templated":true}]}}